{"id":107666,"date":"2014-12-16T17:20:44","date_gmt":"2014-12-16T16:20:44","guid":{"rendered":"http:\/\/www.cronacaonline.it\/public\/content\/index.php\/16\/12\/2014\/trasporti-siglato-accordo-regione-comune-arst-per-nuovo-centro-intermodale-sassari"},"modified":"2014-12-16T17:20:44","modified_gmt":"2014-12-16T16:20:44","slug":"trasporti-siglato-accordo-regione-comune-arst-per-nuovo-centro-intermodale-sassari","status":"publish","type":"post","link":"https:\/\/www.cronacaonline.it\/index.php\/2014\/12\/16\/trasporti-siglato-accordo-regione-comune-arst-per-nuovo-centro-intermodale-sassari\/","title":{"rendered":"Trasporti: siglato accordo Regione-Comune-Arst per nuovo centro intermodale Sassari"},"content":{"rendered":"<p>Firmato stasera nella sede dell\u2019assessorato dei Trasporti l\u2019accordo tra Regione, Comune di Sassari e Arst per la realizzazione del centro intermodale passeggeri del capoluogo turritano. L\u2019assessore dei Trasporti, Massimo Deiana, il sindaco di Sassari, Nicola Sanna, e l\u2019amministratore unico dell\u2019Arst, Giovanni Caria, presenti alla sigla del documento, sottoscritto dai dirigenti delle rispettive strutture amministrative, hanno tutti espresso grande soddisfazione.<\/p>\n<p>&nbsp;\u201cOggi si compie l\u2019atto finale di un lungo percorso che va nella direzione del processo generale di modernizzazione e integrazione del trasporto interno isolano - ha detto l\u2019assessore Massimo Deiana - il centro intermodale di Sassari rappresenter\u00e0 un importante concentrato di opportunit\u00e0 di trasporto dove convergeranno ben sei diverse tipologie di mobilit\u00e0, dalle ferrovie di Trenitalia e Arst alla metropolitana ai diversi gestori dei collegamenti su gomma\u201d.<\/p>\n<p>L\u2019opera \u00e8 stata finanziata con 28,7 milioni di euro di risorse liberate POR 2000\/2006 pi\u00f9 3 milioni di fondi regionali per la caratterizzazione e l\u2019eventuale bonifica dell\u2019area interessata dai lavori.<\/p>\n<p>&nbsp;\u201cLa Regione guarda con molta attenzione ai nuovi centri intermodali e di interscambio in Sardegna, da quello operativo e appena inaugurato di Abbasanta a quello di Macomer sino a quello di Oristano in fase di consegna lavori, in quanto nel nuovo sistema di mobilit\u00e0 la ferrovia avr\u00e0 un ruolo centrale e strategico\u201d, ha concluso l\u2019esponente della Giunta Pigliaru.<\/p>\n","protected":false},"excerpt":{"rendered":"<p>Firmato stasera nella sede dell\u2019assessorato dei Trasporti l\u2019accordo tra Regione, Comune di Sassari e Arst per la realizzazione del centro intermodale passeggeri del capoluogo turritano.&#8230;<\/p>\n","protected":false},"author":2,"featured_media":0,"comment_status":"closed","ping_status":"closed","sticky":false,"template":"","format":"standard","meta":[],"categories":[49],"tags":[],"_links":{"self":[{"href":"https:\/\/www.cronacaonline.it\/index.php\/wp-json\/wp\/v2\/posts\/107666"}],"collection":[{"href":"https:\/\/www.cronacaonline.it\/index.php\/wp-json\/wp\/v2\/posts"}],"about":[{"href":"https:\/\/www.cronacaonline.it\/index.php\/wp-json\/wp\/v2\/types\/post"}],"author":[{"embeddable":true,"href":"https:\/\/www.cronacaonline.it\/index.php\/wp-json\/wp\/v2\/users\/2"}],"replies":[{"embeddable":true,"href":"https:\/\/www.cronacaonline.it\/index.php\/wp-json\/wp\/v2\/comments?post=107666"}],"version-history":[{"count":0,"href":"https:\/\/www.cronacaonline.it\/index.php\/wp-json\/wp\/v2\/posts\/107666\/revisions"}],"wp:attachment":[{"href":"https:\/\/www.cronacaonline.it\/index.php\/wp-json\/wp\/v2\/media?parent=107666"}],"wp:term":[{"taxonomy":"category","embeddable":true,"href":"https:\/\/www.cronacaonline.it\/index.php\/wp-json\/wp\/v2\/categories?post=107666"},{"taxonomy":"post_tag","embeddable":true,"href":"https:\/\/www.cronacaonline.it\/index.php\/wp-json\/wp\/v2\/tags?post=107666"}],"curies":[{"name":"wp","href":"https:\/\/api.w.org\/{rel}","templated":true}]}}