{"id":107652,"date":"2014-12-17T17:20:44","date_gmt":"2014-12-17T16:20:44","guid":{"rendered":"http:\/\/www.cronacaonline.it\/public\/content\/index.php\/17\/12\/2014\/trasporti-deiana-continuita-aerea-funziona-a-dicembre-gia-60-voli-in-piu-e-se-necessario-altri-aumenti"},"modified":"2014-12-17T17:20:44","modified_gmt":"2014-12-17T16:20:44","slug":"trasporti-deiana-continuita-aerea-funziona-a-dicembre-gia-60-voli-in-piu-e-se-necessario-altri-aumenti","status":"publish","type":"post","link":"https:\/\/www.cronacaonline.it\/index.php\/2014\/12\/17\/trasporti-deiana-continuita-aerea-funziona-a-dicembre-gia-60-voli-in-piu-e-se-necessario-altri-aumenti\/","title":{"rendered":"Trasporti, Deiana: continuit\u00e0 aerea funziona. A dicembre gi\u00e0 60 voli in pi\u00f9 e se necessario altri aumenti"},"content":{"rendered":"<p>\u201cLa continuit\u00e0 territoriale per Roma e Milano funziona. Puntare la lente su uno dei periodi dell\u2019anno con il bollino nero in cui si registrano i livelli di traffico pi\u00f9 elevati, come appunto quello natalizio, mi d\u00e0 l\u2019occasione per dimostrare l\u2019efficienza di tutta la macchina. Una analisi attenta del piano voli Alitalia dal 5 dicembre al 7 gennaio sulle tratte Cagliari-Linate e Alghero-Linate andata e ritorno, dimostra che in questo periodo sono stati inseriti 60 voli in pi\u00f9 con un totale di 8676 posti offerti e numerosi upgrade con aerei pi\u00f9 grandi, ovvero \u00e8 stato previsto un importante incremento. Il fatto poi che tali posti siano stati tutti venduti \u00e8 solo un buon segnale che conferma una volta ancora come la soluzione della continuit\u00e0 aerea sia pi\u00f9 che adeguata. Tuttavia, nel momento in cui si dovesse segnalare un ulteriore surplus di richiesta, la compagnia Alitalia \u00e8 tenuta ad aggiungere altri posti e cos\u00ec far\u00e0 \u201d.<\/p>\n<p>Lo dichiara l\u2019assessore dei Trasporti Massimo Deiana. Una lettura ancor pi\u00f9 specifica porta a dire che sulla Linate-Alghero si sono verificati incrementi della capacit\u00e0 minima giornaliera pari anche al 134 per cento, come il 20, 23 e 24 dicembre con la disponibilit\u00e0 di 199 posti in pi\u00f9 al giorno sui 148 previsti. Sulla stessa tratta abbiamo inoltre avuto aumenti dal 98 al 113 per cento nei giorni 5, 6, 8, 18, 19, 21, 22, 28 e 29 dicembre, nonch\u00e9 dal 5 al 7 gennaio. Riguardo alla Linate-Cagliari, sempre tra il 5 dicembre e il 7 gennaio, gli aumenti della disponibilit\u00e0 di posti variano dal 25 al 58 per cento e interessano 15 giorni sui 34 del periodo. Si arriva ai 310 posti in pi\u00f9 del 19 dicembre, sui 573 minimi previsti, e non si scende mai sotto i 145 posti aggiuntivi pari al 25 per cento.<\/p>\n<p>\u201cTutti questi correttivi sono stati adottati in corso d\u2019opera, nel momento in cui lo si riteneva necessario. Pertanto anche stavolta i sardi e non che vorranno prenotare all\u2019ultimo momento sotto il periodo natalizio lo potranno fare. L\u2019unico consiglio che mi sento di dare, banalmente, come capita per qualunque destinazione del globo durante i giorni caldi delle feste, \u00e8 che \u00e8 sempre bene quando possibile programmare i propri spostamenti con qualche giorno di anticipo. Perch\u00e9, altrettanto banalmente, visti i gi\u00e0 cospicui incrementi messi in atto, la disponibilit\u00e0 di posti da e per la Sardegna non potr\u00e0 essere infinita\u201d, conclude l\u2019assessore Deiana. Com<\/p>\n","protected":false},"excerpt":{"rendered":"<p>\u201cLa continuit\u00e0 territoriale per Roma e Milano funziona. Puntare la lente su uno dei periodi dell\u2019anno con il bollino nero in cui si registrano i&#8230;<\/p>\n","protected":false},"author":2,"featured_media":0,"comment_status":"closed","ping_status":"closed","sticky":false,"template":"","format":"standard","meta":[],"categories":[49],"tags":[],"_links":{"self":[{"href":"https:\/\/www.cronacaonline.it\/index.php\/wp-json\/wp\/v2\/posts\/107652"}],"collection":[{"href":"https:\/\/www.cronacaonline.it\/index.php\/wp-json\/wp\/v2\/posts"}],"about":[{"href":"https:\/\/www.cronacaonline.it\/index.php\/wp-json\/wp\/v2\/types\/post"}],"author":[{"embeddable":true,"href":"https:\/\/www.cronacaonline.it\/index.php\/wp-json\/wp\/v2\/users\/2"}],"replies":[{"embeddable":true,"href":"https:\/\/www.cronacaonline.it\/index.php\/wp-json\/wp\/v2\/comments?post=107652"}],"version-history":[{"count":0,"href":"https:\/\/www.cronacaonline.it\/index.php\/wp-json\/wp\/v2\/posts\/107652\/revisions"}],"wp:attachment":[{"href":"https:\/\/www.cronacaonline.it\/index.php\/wp-json\/wp\/v2\/media?parent=107652"}],"wp:term":[{"taxonomy":"category","embeddable":true,"href":"https:\/\/www.cronacaonline.it\/index.php\/wp-json\/wp\/v2\/categories?post=107652"},{"taxonomy":"post_tag","embeddable":true,"href":"https:\/\/www.cronacaonline.it\/index.php\/wp-json\/wp\/v2\/tags?post=107652"}],"curies":[{"name":"wp","href":"https:\/\/api.w.org\/{rel}","templated":true}]}}