{"id":107532,"date":"2013-12-10T17:20:44","date_gmt":"2013-12-10T16:20:44","guid":{"rendered":"http:\/\/www.cronacaonline.it\/public\/content\/index.php\/10\/12\/2013\/mandela-memorial-90-leader-del-mondo-per-ricordare-madiba-a-johannesburg"},"modified":"2013-12-10T17:20:44","modified_gmt":"2013-12-10T16:20:44","slug":"mandela-memorial-90-leader-del-mondo-per-ricordare-madiba-a-johannesburg","status":"publish","type":"post","link":"https:\/\/www.cronacaonline.it\/index.php\/2013\/12\/10\/mandela-memorial-90-leader-del-mondo-per-ricordare-madiba-a-johannesburg\/","title":{"rendered":"Mandela Memorial, 90 leader del mondo per ricordare Madiba a Johannesburg"},"content":{"rendered":"<p>Anche il cielo sudafricano piange per Madiba. Piove a Johannesburg dove si tiene la commemorazione che avr\u00e0 inizio tra poco nel Soccer City Stadium Fnb a Soweto (a sud di Johannesburg) le cui porte sono state aperte alle cinque del mattino. La struttura, che pu\u00f2 ospitare circa 100mila persone, si sta riempiendo con difficolt\u00e0 a causa della grande affluenza. L'arrivo della vedova di Mandela, Graca Machel, \u00e8 stata salutato da un'ovazione. La folla \u00e8 andata in delirio per Charlize Theron, giunta allo stadio per la commemorazione, seguita poco dopo dall'arrivo di Ban Ki Moon.<\/p>\n<p>Uno a uno stanno arrivando allo stadio i novanta leader stranieri per partecipare alla commemorazione. Enrico Letta all'uscita dall'aereoporto di Johannesburg ha commentato: \"Mandela \u00e8 un esempio per l'intera umanit\u00e0 sul tema dello sviluppo, della lotta al razzismo e delle diseguaglianze, per questo \u00e8 un dovere per l'Italia essere qui\". La presidente della Camera Laura Boldrini su Twitter ha annunciato il suo arrivo: \"Sotto una pioggia incessante, verso Soweto, per l'ultimo saluto a #Madiba, mentre le radio trasmettono i suoi discorsi di libert\u00e0\".<\/p>\n<p>L'addio all'uomo che \u00e8 riuscito a pacificare il Sudafrica \u00e8 l'occasione in cui si incontreranno i leader di Paesi da sempre avversari: Barack Obama e Raul Castro. Nella lista degli oratori 'politici' il presidente degli Stati Uniti parler\u00e0 per primo, mentre il leader cubano sar\u00e0 l'ultimo. Obama \u00e8 atterrato a Johannesburg insieme alla first lady Michelle.<\/p>\n<p>Oltre ai leader stranieri, alla cerimonia parteciperanno una decina di ex presidenti, tra cui gli americani Jimmy Carter, Bill Clinton e George W. Bush (tutti a bordo dell'AirForceOne), e il francese Nicolas Sarkozy (che non viaggia sull'aereo di Hollande).&nbsp; Si stima che la cerimonia verr\u00e0 seguita da circa 100mila persone nello stadio, e da milioni in altri stadi e luoghi pubblici del Paese.<\/p>\n<p>L'oratore principale della commemorazione \u00e8 il presidente sudafricano Jakob Zuma che ricorder\u00e0 il ruolo decisivo di Mandela nel creare la Rainbow Nation, la nazione arcobaleno del dopo apartheid, della riconciliazione tra nemici attraverso la pace e respingendo qualsiasi violenza.<\/p>\n<p>L'inno nazionale aprir\u00e0 la cerimonia e poi prenderanno la parola&nbsp; diversi esponenti del clan Mandela, prima dell'intervento dei leader stranieri tra cui il presidente americano Barack Obama, quello del Brasile, Dilma Rousseff, il vicepresidente cinese, Li Yuanchao, il presidente della Namibia, Hifikepunye Pohamba, l'indiano Pranab Mukherjee, il cubano Raul Castro.<\/p>\n<p>Ci sar\u00e0 anche l'omaggio di un amico: Andrew Mlangeni, che fu detenuto nella cella accanto a quella di Madiba a Robben Island. Non \u00e8 stato precisato il programma musicale, secondo alcuni potrebbe essere coinvolto Bono degli U2, mentre dovrebbero essere presenti la modella Naomi Campbell, che di Mandela era molto amica, e la star della tv Usa Oprah Winfrey, molto attiva in Sudafrica con i suoi investimenti nelle scuole. <BR>Per la cerimonia sono state predisposte misure di sicurezza senza precedenti in una Johannesburg che iniziava a blindarsi gi\u00e0 ieri dopo l'ora di punta delle 17:00 con le strade totalmente intasate.<\/p>\n<p>Le principali arterie di accesso al Fnb Stadium saranno bloccate, e alle migliaia di sudafricani \u00e8 stato chiesto di prendere i mezzi pubblici, treno metropolitana e autobus, gratuiti per l'occasione e la cui frequenza \u00e8 stata potenziata. Molti uffici rimarranno chiusi per evitare il rischio di trovarsi in ingorghi interminabili, mentre le scuole sono chiuse per le vacanze estive.<\/p>\n<p>Dopo la cerimonia - che si svolger\u00e0 in assenza della salma di Mandela - verr\u00e0 allestita una camera ardente per Madiba nei palazzi del governo a Pretoria, per un ultimo saluto a Tata, il grande vecchio.&nbsp; I funerali di Stato si svolgeranno domenica a Qunu, la sua citt\u00e0 di origine, nella provincia di East Cape. Secondo le autorit\u00e0 locali sono attese 9mila persone circa, tra cui il principe Carlo e il presidente della Nigeria Goodluck Jonathan. Ma non i Grandi del mondo. I funerali solenni di Mandela si svolgeranno il 15 dicembre a Qunu, il suo villaggio, nella provincia di East Cape. <\/p>\n","protected":false},"excerpt":{"rendered":"<p>Anche il cielo sudafricano piange per Madiba. Piove a Johannesburg dove si tiene la commemorazione che avr\u00e0 inizio tra poco nel Soccer City Stadium Fnb&#8230;<\/p>\n","protected":false},"author":2,"featured_media":0,"comment_status":"closed","ping_status":"closed","sticky":false,"template":"","format":"standard","meta":[],"categories":[49],"tags":[],"_links":{"self":[{"href":"https:\/\/www.cronacaonline.it\/index.php\/wp-json\/wp\/v2\/posts\/107532"}],"collection":[{"href":"https:\/\/www.cronacaonline.it\/index.php\/wp-json\/wp\/v2\/posts"}],"about":[{"href":"https:\/\/www.cronacaonline.it\/index.php\/wp-json\/wp\/v2\/types\/post"}],"author":[{"embeddable":true,"href":"https:\/\/www.cronacaonline.it\/index.php\/wp-json\/wp\/v2\/users\/2"}],"replies":[{"embeddable":true,"href":"https:\/\/www.cronacaonline.it\/index.php\/wp-json\/wp\/v2\/comments?post=107532"}],"version-history":[{"count":0,"href":"https:\/\/www.cronacaonline.it\/index.php\/wp-json\/wp\/v2\/posts\/107532\/revisions"}],"wp:attachment":[{"href":"https:\/\/www.cronacaonline.it\/index.php\/wp-json\/wp\/v2\/media?parent=107532"}],"wp:term":[{"taxonomy":"category","embeddable":true,"href":"https:\/\/www.cronacaonline.it\/index.php\/wp-json\/wp\/v2\/categories?post=107532"},{"taxonomy":"post_tag","embeddable":true,"href":"https:\/\/www.cronacaonline.it\/index.php\/wp-json\/wp\/v2\/tags?post=107532"}],"curies":[{"name":"wp","href":"https:\/\/api.w.org\/{rel}","templated":true}]}}