{"id":107522,"date":"2013-12-10T17:20:44","date_gmt":"2013-12-10T16:20:44","guid":{"rendered":"http:\/\/www.cronacaonline.it\/public\/content\/index.php\/10\/12\/2013\/in-arrivo-avvisi-di-pagamento-relativi-al-saldo-tares-2013"},"modified":"2013-12-10T17:20:44","modified_gmt":"2013-12-10T16:20:44","slug":"in-arrivo-avvisi-di-pagamento-relativi-al-saldo-tares-2013","status":"publish","type":"post","link":"https:\/\/www.cronacaonline.it\/index.php\/2013\/12\/10\/in-arrivo-avvisi-di-pagamento-relativi-al-saldo-tares-2013\/","title":{"rendered":"In arrivo avvisi di pagamento relativi al saldo Tares 2013"},"content":{"rendered":"<p>L'Ufficio Tares del Servizio Tributi informa i contribuenti che sono in corso di consegna gli avvisi di pagamento relativi al saldo TARES 2013 e alla maggiorazione per i servizi indivisibili dovuta allo Stato.<\/p>\n<p>Si rammenta che i termini per il pagamento delle rate dell'acconto Tares 2013 erano il 31 luglio, il 30 settembre e il 30 novembre 2013.<\/p>\n<p>Nel caso non si fosse ricevuto l\u2019avviso di pagamento dell\u2019acconto TARES 2013 o si fosse smarrito \u00e8 possibile richiedere un duplicato dello stesso secondo una delle seguenti modalit\u00e0:<\/p>\n<p>fissando un appuntamento online, previa registrazione nell'area riservata del sito istituzionale <A href=\"http:\/\/www.comune.cagliari.it\">www.comune.cagliari.it<\/A>, tramite il servizio \"prenotazioni appuntamenti uffici comunali\";<\/p>\n<p>chiamando il numero 070.6776363, di mattina, dal luned\u00ec al venerd\u00ec, dalle 09.00 alle 12.00 e di pomeriggio il marted\u00ec e il gioved\u00ec, dalle 15.30 alle 17.30; presentandosi presso gli sportelli TARES siti in via Sauro Nazario n. 23, di mattina, il luned\u00ec, il mercoled\u00ec e il venerd\u00ec, dalle 09:00 alle 12:00 e di pomeriggio il marted\u00ec e il gioved\u00ec, dalle 15:30 alle 17:30. Com<\/p>\n","protected":false},"excerpt":{"rendered":"<p>L&#8217;Ufficio Tares del Servizio Tributi informa i contribuenti che sono in corso di consegna gli avvisi di pagamento relativi al saldo TARES 2013 e alla&#8230;<\/p>\n","protected":false},"author":2,"featured_media":0,"comment_status":"closed","ping_status":"closed","sticky":false,"template":"","format":"standard","meta":[],"categories":[49],"tags":[],"_links":{"self":[{"href":"https:\/\/www.cronacaonline.it\/index.php\/wp-json\/wp\/v2\/posts\/107522"}],"collection":[{"href":"https:\/\/www.cronacaonline.it\/index.php\/wp-json\/wp\/v2\/posts"}],"about":[{"href":"https:\/\/www.cronacaonline.it\/index.php\/wp-json\/wp\/v2\/types\/post"}],"author":[{"embeddable":true,"href":"https:\/\/www.cronacaonline.it\/index.php\/wp-json\/wp\/v2\/users\/2"}],"replies":[{"embeddable":true,"href":"https:\/\/www.cronacaonline.it\/index.php\/wp-json\/wp\/v2\/comments?post=107522"}],"version-history":[{"count":0,"href":"https:\/\/www.cronacaonline.it\/index.php\/wp-json\/wp\/v2\/posts\/107522\/revisions"}],"wp:attachment":[{"href":"https:\/\/www.cronacaonline.it\/index.php\/wp-json\/wp\/v2\/media?parent=107522"}],"wp:term":[{"taxonomy":"category","embeddable":true,"href":"https:\/\/www.cronacaonline.it\/index.php\/wp-json\/wp\/v2\/categories?post=107522"},{"taxonomy":"post_tag","embeddable":true,"href":"https:\/\/www.cronacaonline.it\/index.php\/wp-json\/wp\/v2\/tags?post=107522"}],"curies":[{"name":"wp","href":"https:\/\/api.w.org\/{rel}","templated":true}]}}