{"id":107519,"date":"2013-12-27T17:20:44","date_gmt":"2013-12-27T16:20:44","guid":{"rendered":"http:\/\/www.cronacaonline.it\/public\/content\/index.php\/27\/12\/2013\/caccia-su-buras-modifiche-calendario-venatorio-per-tordo-chiusura-al-30-gennaio"},"modified":"2013-12-27T17:20:44","modified_gmt":"2013-12-27T16:20:44","slug":"caccia-su-buras-modifiche-calendario-venatorio-per-tordo-chiusura-al-30-gennaio","status":"publish","type":"post","link":"https:\/\/www.cronacaonline.it\/index.php\/2013\/12\/27\/caccia-su-buras-modifiche-calendario-venatorio-per-tordo-chiusura-al-30-gennaio\/","title":{"rendered":"Caccia, su Buras modifiche calendario venatorio. Per tordo chiusura al 30 gennaio"},"content":{"rendered":"<p>Il decreto contenente le modifiche e integrazioni al calendario venatorio 2013\/2014 adottate dal Comitato regionale faunistico, presieduto dall\u2019assessore dell\u2019Ambiente, Andrea Biancareddu, \u00e8 stato pubblicato sul BURAS, il Bollettino Ufficiale della Regione, in data odierna.<\/p>\n<p>Il documento, evidenzia le modifiche apportate dopo l\u2019esame del parere Ispra da parte del Comitato, che, rivendicando la propria autonomia, ha tenuto conto delle peculiarit\u00e0 del territorio venatorio della Sardegna. Per questa ragione, in difformit\u00e0 al parere Ispra, \u00e8 stata deliberata la chiusura della caccia al tordo bottaccio e tordo sassello al 30 gennaio 2014, sfruttando la sovrapposizione delle decadi.<\/p>\n<p>\u201cLe modifiche apportate rappresentano in questo momento il pi\u00f9 soddisfacente equilibrio tra le ragioni dei cacciatori e le disposizioni legislative a tutela delle specie protette\u201d, spiega l\u2019assessore Biancareddu che puntualizza: \u201cabbiamo evidenziato le caratteristiche dell\u2019ambiente dell\u2019Isola che permettono a nostro avviso delle interpretazioni meno penalizzanti per i cacciatori sardi che hanno tutto il diritto di veder riconosciute le loro legittime ragioni, come ho sottolineato anche nei numerosi appelli, sia ai Ministeri competenti, che all\u2019Unione Europea\u201d.<\/p>\n<p>\u201cL\u2019adozione del documento rappresenta un segnale di attenzione nei confronti del mondo venatorio sardo al quale mi sento molto vicino, sia per tradizione familiare che per l\u2019apprezzamento verso i cacciatori che costituiscono una importante risorsa per la tutela dell\u2019ambiente\u201d, conclude l\u2019assessore.<\/p>\n<p>Il decreto mantiene tra l\u2019altro anche la decisione per l\u2019eliminazione del divieto per i minori di anni 16 di partecipare in qualit\u00e0 di battitori alle battute di caccia al cinghiale.<\/p>\n<p>Ecco in sintesi le specie cacciabili e i periodi di attivit\u00e0 venatoria: beccaccia, cesena, moriglione (dal 1 al 19 gennaio 2014); germano reale, alzavola, codone, fischione, mestolone, beccaccino, gallinella d\u2019acqua, pavoncella, frullino, porciglione, folaga, tordo bottaccio, tordo sassello, cornacchia grigia, ghiandaia, colombaccio (dal 1 al 30 gennaio 2014). Inoltre, per le specie cornacchia grigia, ghiandaia e colombaccio \u00e8 prevista la caccia anche nelle giornate del&nbsp; 2, 6 e 9 febbraio 2014).<\/p>\n<p>La caccia al cinghiale e alla volpe per il mese di gennaio 2014 \u00e8 rimasta sostanzialmente invariata rispetto a quanto disciplinato nel precedente Decreto, fatta eccezione per l\u2019aggiunta del giorno di mercoled\u00ec 1 gennaio 2014, anche col sistema della battuta e con l\u2019uso della munizione a palla unica, ovvero, volpe (dal 1 al 30 gennaio 2014 ), cinghiale (dal 1, 5, 6, 12, 19, 26, 30 gennaio 2014). <\/p>\n","protected":false},"excerpt":{"rendered":"<p>Il decreto contenente le modifiche e integrazioni al calendario venatorio 2013\/2014 adottate dal Comitato regionale faunistico, presieduto dall\u2019assessore dell\u2019Ambiente, Andrea Biancareddu, \u00e8 stato pubblicato sul&#8230;<\/p>\n","protected":false},"author":2,"featured_media":0,"comment_status":"closed","ping_status":"closed","sticky":false,"template":"","format":"standard","meta":[],"categories":[49],"tags":[],"_links":{"self":[{"href":"https:\/\/www.cronacaonline.it\/index.php\/wp-json\/wp\/v2\/posts\/107519"}],"collection":[{"href":"https:\/\/www.cronacaonline.it\/index.php\/wp-json\/wp\/v2\/posts"}],"about":[{"href":"https:\/\/www.cronacaonline.it\/index.php\/wp-json\/wp\/v2\/types\/post"}],"author":[{"embeddable":true,"href":"https:\/\/www.cronacaonline.it\/index.php\/wp-json\/wp\/v2\/users\/2"}],"replies":[{"embeddable":true,"href":"https:\/\/www.cronacaonline.it\/index.php\/wp-json\/wp\/v2\/comments?post=107519"}],"version-history":[{"count":0,"href":"https:\/\/www.cronacaonline.it\/index.php\/wp-json\/wp\/v2\/posts\/107519\/revisions"}],"wp:attachment":[{"href":"https:\/\/www.cronacaonline.it\/index.php\/wp-json\/wp\/v2\/media?parent=107519"}],"wp:term":[{"taxonomy":"category","embeddable":true,"href":"https:\/\/www.cronacaonline.it\/index.php\/wp-json\/wp\/v2\/categories?post=107519"},{"taxonomy":"post_tag","embeddable":true,"href":"https:\/\/www.cronacaonline.it\/index.php\/wp-json\/wp\/v2\/tags?post=107519"}],"curies":[{"name":"wp","href":"https:\/\/api.w.org\/{rel}","templated":true}]}}