{"id":107507,"date":"2013-12-11T17:20:44","date_gmt":"2013-12-11T16:20:44","guid":{"rendered":"http:\/\/www.cronacaonline.it\/public\/content\/index.php\/11\/12\/2013\/letta-ottiene-la-fiducia-della-camera-alle-21-il-voto-al-senato"},"modified":"2013-12-11T17:20:44","modified_gmt":"2013-12-11T16:20:44","slug":"letta-ottiene-la-fiducia-della-camera-alle-21-il-voto-al-senato","status":"publish","type":"post","link":"https:\/\/www.cronacaonline.it\/index.php\/2013\/12\/11\/letta-ottiene-la-fiducia-della-camera-alle-21-il-voto-al-senato\/","title":{"rendered":"Letta ottiene la fiducia della Camera: alle 21 il voto al Senato"},"content":{"rendered":"<p>L'aula della Camera ha confermato la fiducia al governo Letta approvando la mozione della nuova maggioranza con 379 s\u00ec, 212 no e due astenuti. Ora il dibattito si sposta al Senato. Entro le 21 \u00e8 atteso da palazzo Madama il secondo e defintivo disco verde del Parlamento all'esecutivo. A Montecitorio a favore della fiducia si sono espressi i deputati della nuova maggioranza presenti. Contrari invece Fi, M5S, Lega, Sel e Fdi. Il voto della Camera ha dunque formalizzato il passaggio di Forza Italia fra le file dell'opposizione.<\/p>\n<p>\u201cChi cerca consenso con populismo anti Ue non voti la fiducia a questo governo\u201d. Cos\u00ec Enrico Letta ai deputati nel discorso fatto in aula prima del nuovo voto di fiducia. \"Sono qui a chiedere la fiducia per un nuovo inizio\", ha detto il premier in apertura, \"ho la determinazione a lottare con tutto me stesso per evitare di rigettare nel caos tutto il Paese proprio quando sta rialzandosi: l'Italia \u00e8 pronta a ripartire ed \u00e8 nostro obbligo generazionale\".<\/p>\n<p>Nel suo intervento a Montecitorio il presidente del Consiglio se la prende con quelle forze politiche che \u201cfanno pezzi la&nbsp; democrazia rappresentativa e incitano all'insubordinazione\". Evidente riferimento al M5S e al suo leader. Ringrazia invece le forze dell\u2019ordine incassando il plauso della maggioranza, con il vice premier Angelino Alfano, seduto al suo fianco, che annuisce. Applausi arrivano anche quando Letta ringrazia il Presidente Napolitano per il suo impegno. Il discorso, durato poco meno di un\u2019ora, ha spaziato dalla politica economica alle riforme, dall\u2019Europa alla legge elettorale ed \u00e8 stato segnato da pi\u00f9 di un applauso. Il premier, infine, ha chiesto un voto che dia un segno di discontinuit\u00e0 rispetto al passato sottolineando come la maggioranza sia ora pi\u00f9 esigua ma pi\u00f9 forte.<\/p>\n<p>Rispondendo al deputato grillino Riccardo Nuti, Letta \u00e8 poi tornato a difendere giornalisti e diritto di critica. \"E' inaccettabile, inaccettabile, inaccettabile\", ha ribadito quindi Letta scatenando le proteste dei grillini e gli applausi della maggioranza, e costringendo la presidente Boldrini a richiamare l'Aula. \"Speravo - ha concluso il premier - che Grillo con il suo attacco ai giornalisti si sarebbe reso conto di aver fatto una ...gaffe. E immaginavo che il discorso si chiudesse qui. Lei e il M5s, onorevole Nuti, oggi dite che o i giornalisti dicono quel che volete voi o vengono messi alla gogna. E' inaccettabile.<\/p>\n<p>Rispondendo agli interventi dei deputati Letta \u00e8 poi tornato sul caso Berlusconi: \u201cNel mio discorso di aprile era chiarissimo che la separazione tra le vicende giudiziarie e politiche era un punto che non avrei mai oltrepassato. Venire qui a dire che tutto \u00e8 saltato perch\u00e9 non c'\u00e8 stata pacificazione \u00e8 a mio avviso sbagliato\u201d. Ha poi parlato della nuova maggioranza gi\u00e0 nata, di fatto, ad ottobre, e che ora viene \u201ccertificata\u201d con l\u2019uscita di Forza Italia. Sulle alleanze ha spiegato: \"Oggi ci sono le condizioni\" per realizzare un patto di governo per il 2014, in questo \"aiutano le sollecitazioni componibili espresse dal nuovo leader del Pd, del Nuovo centrodestra e delle altre componenti della maggioranza\". Un patto che si chiamer\u00e0 \u201cImpegno 2014\u201d. \u201cLa trasformazione politica avvenuta in questi 7 mesi \u00e8 la pi\u00f9 grande della seconda repubblica\u201d, ha concluso Letta.<\/p>\n<p>\u201cPeggior legge elettorale d\u2019Europa\u201d, cos\u00ec ha definito il Porcellum Letta ribadendo come sia irrimandabile una nuova legge. Una legge che eviti l\u2019eccessivo frazionamento e favorisca l\u2019alternanza. Cio\u00e8 una legge di carattere maggioritario. Su questo punto il premier ha incitato il governo e il parlamento a lavorare. \u201cL'obiettivo \u00e8 un meccanismo maggioritario\", ha detto, chiedendo di ricreare \"un e legame elettori ed eletti\". Il premier ha annunciato poi per il mese di gennaio&nbsp; \"un pacchetto di norme sulla legalit\u00e0<\/p>\n<p>\"Nel 2014 completeremo riforma degli ammortizzatori sociali, in un clima di dialogo sociale, andando verso un sistema che privilegi il lavoratore rispetto al posto di lavoro\". \"Per la riduzione del costo del lavoro abbiamo cominciato con la legge di stabilit\u00e0 e qui alla Camera abbiamo deciso l'automatismo per cui i proventi della revisione della spesa e del ritorno dei capitali dall'estero vanno nella riduzione del costo del lavoro e lo inseriremo dopo il confronto con le parti sociali\", ha aggiunto Letta.<\/p>\n<p>Cinque i punti indicati dal premier: riduzione del debito, del deficit e delle tasse; crescita dell\u20191% nel 2014 e del 2% nel 2015; pi\u00f9 investimenti pubblici; aggiornamento delle politiche di competitivit\u00e0 e creazione di un clima favorevole agli investimenti. Con questa ricetta l\u2019Italia, secondo il premier, pu\u00f2 tornare ad avere un ruolo decisivo anche in Europa.<\/p>\n<p>\"Dal primo gennaio l'istruzione e la ricerca saranno messi in cima alle priorit\u00e0\", con \"impegni concreti per il rilancio delle universit\u00e0 e della ricerca entro marzo\". Il premier ha anche annunciato una \"costituente della scuola entro giugno\" per far s\u00ec che \"i ragazzi si diplomino prima e con competenze maggiori\". \"Il ciclo della scuola, poi - sottolinea Letta - inizia con la scuola dell'infanzia perch\u00e9 \u00e8 un diritto dei bambini e uno strumento per favorire la conciliazione famiglia-lavoro e le pari opportunit\u00e0\". Sempre in tema di istruzione Letta ha affrontato il tema dei giovani ricercatori spiegando che bisogna fare di tutto \"perch\u00e9 la burocrazia non li ingabbi\"<\/p>\n<p>Nel suo lungo discorso Letta ha affrontato anche una serie di temi economici. \"Il nostro debito pubblico \u00e8 colossale e lo stiamo aggredendo. E' importante perch\u00e9 ce lo chiede l'Ue? Lo aggrediamo perch\u00e9 ci costa troppo, nel rapporto tra debito e Pil paghiamo 90 miliardi di euro in interessi, soldi buttati\", ha aggiunto il premier Letta.<\/p>\n<p>\"Senza l'Ue ripiombiamo nel medioevo - ha detto Letta - . Il nostro semestre europeo deve ridare energia a un'Europa con le batterie scariche\". Anche in questo campo il premier ha indicato degli obiettivi concreti da raggiungere, prima fra tutti l\u2019unione bancaria.<\/p>\n<p>Fra i temi economici pi\u00f9 caldi per Letta c'\u00e8 quello delle privatizzazioni: \"Il primo blocco di dismissioni consentir\u00e0 una cassa di 10-12 miliardi, tutti a riduzione del debito. Quello delle dismissioni pubbliche \u00e8 un tema sensibile, ma uno Stato credibile e funzionante non si deve occupare di tutto e le risorse fresche dai privati sono utili per lo sviluppo delle imprese\u201d. <\/p>\n<p><STRONG><U>Oggi il voto di fiducia al governo e le forze dell'ordine blindano la Capitale<\/U><\/STRONG><\/p>\n<p><STRONG><U>Una manifestazione<\/U><\/STRONG> \"con milioni di persone pronte ad assediare pacificamente Roma che durer\u00e0 fin quando i politici non saranno andati via\". La macchina della sicurezza a Roma si organizza dopo gli annunci dei leader del movimento dei Forconi, che da ieri hanno attivato la loro mobilitazione in tutta Italia e promettono di chiamare in piazza nella Capitale manifestanti in massa per una protesta ad oltranza, ma pacifica. Ma l'assedio a Roma, a quanto annunciano, non dovrebbe essere domani ma la prossima settimana. Dirimente sar\u00e0 il voto di fiducia di oggi: se il governo non andr\u00e0 a casa la protesta punter\u00e0 sulla Capitale.<\/p>\n<p>Nonostante non sia prevista ufficialmente nessuna manifestazione Roma sar\u00e0 comunque una citt\u00e0 oggi blindata. Il comitato per l'ordine pubblico ha infatti deciso ieri, dopo gli annunci dei leader del movimento che promettono di chiamare in piazza nella Capitale manifestanti in massa per una protesta ad oltranza, di blindare le zone attorno a Montecitorio, Palazzo Chigi, Palazzo Madama e Quirinale. Tra le misure prese \u00e8 stato anche deciso di presidiare stazioni e snodi autostradali, e uomini delle forze dell'ordine saranno sparsi sul territorio, anche in borghese.<\/p>\n<p>\"Se oggi sar\u00e0 votata la fiducia - ha spiegato il leader del movimento dei Forconi Danilo Calvani - al governo e i politici non resteranno a casa, ci organizzeremo in questi giorni per indire la prossima settimana una manifestazione a Roma che porti milioni di persone. Sar\u00e0 un assedio pacifico e concorderemo il percorso con le forze dell'ordine - ha concluso Calvani -, ma siamo disposti a restare fin quando i politici non andranno via\". E intanto per oggi, annunciata da tempo, si attende la protesta dei metalmeccanici Fiom per chiedere al governo una politica industriale \"che abbia al centro la difesa dell'occupazione, dei diritti e per un nuovo modello di sviluppo\": mercoled\u00ec 11 saranno in varie piazze di Roma e il giorno dopo sfileranno in corteo fino a Palazzo Chigi.<\/p>\n<p>Gi\u00e0 a Torino, i Forconi e gli operai Fiom si sono incontrati e sono volate parole grosse. Dalle 9 \u00e8 previsto l'arrivo di 30 camper provenienti da tutta Italia nelle vicinanze di piazzale Flaminio. Da qui si divideranno in sei gruppi: quattro raggiungeranno le sedi di Rai, La7, Sky e Mediaset, mentre gli altri due gruppi si recheranno sotto i ministeri dello Sviluppo economico e del Lavoro, dove verr\u00e0 costruito un muro di scatole con i nomi e i numeri delle crisi aziendali.&nbsp; Intorno alle 18 i camper si concentreranno in piazza del Popolo, dove si fermeranno per la notte. E qui annunciano un'assemblea aperta alla quale parteciperanno anche le associazioni e i movimenti che hanno condiviso con la Fiom il percorso della manifestazione del 12 ottobre, \"Costituzione, la via maestra\".<\/p>\n<p>Alfano: \"Non consentiremo che le nostre citt\u00e0 vengano messe a fuoco\" Intanto dal vertice al Viminale con le forze dell'ordine per fare il punto sulla situazione delle proteste \u00e8 emersa \"la linea di sempre\" ovvero \"supporto a chi vuole manifestare pacificamente\" ma tolleranza zero con i violenti: \"Non consentiremo che le nostre citt\u00e0 vengano messe a fuoco\", ha sottolineato il ministro dell'Interno Angelino Alfano intervistato al Tg3.<\/p>\n<p>Grillo alle forze dell'Ordine: \"Non unitevi a loro\" Beppe Grillo cavalca la protesta dei 'forconi' che dilaga in tutta Italia e lancia un preoccupante invito all'insubordinazione diretto alle forze dell'ordine. \"Vi chiedo di non proteggere pi\u00f9 questa classe politica. Gli italiani sono dalla vostra parte, unitevi a loro\", \u00e8 l'appello che lancia il leader dei Cinque Stelle che scrive una lettera aperta ai vertici dei Carabinieri, Polizia ed Esercito italiano.&nbsp;<\/p>\n<p>Berlusconi incontrer\u00e0 i manifestanti Tutto questo mentre Silvio Berlusconi parla di protesta sottovalutata e annuncia che vedr\u00e0 domani i rappresentanti dei manifestanti: \"A fronte della protesta sottovalutata dal Governo, che ha visto aderire al blocco dei tir anche altre categorie\" e davanti a una \"mobilitazione che sta arrecando gravi disagi in alcune grandi citt\u00e0, nei porti e presso gli snodi autostradali, Silvio Berlusconi chiede al Governo di convocare immediatamente le associazioni di categoria.<\/p>\n<p>Parole dure dal ministro Pd per i Rapporti con il Parlamento verso Beppe Grillo e Silvio Berlusconi che sembrano pronti a sfruttare la protesta dei Forconi. \"E' deprimente - ha detto Franceschini, parlando al Tg1- vedere che di fronte al dramma di tante persone che non ce la fanno pi\u00f9 ci sia da una parte chi cerca di dare risposte&nbsp; al meglio delle proprie possibilit\u00e0\" mentre \"dall'altra c'\u00e8 chi butta benzina sul fuoco e strumentalizza per avere qualche voto in pi\u00f9\".<\/p>\n<p>Presidi e blocchi La protesta dei Forconi ha interessato anche oggi gran parte d'Italia.&nbsp; \u00c8 Torino uno degli epicentri della protesta, che ha causato diversi disagi alla cittadinanza. Manifestazioni anche in provincia, comprese Val Susa e Pinerolese. Volantinaggi e presidi anche nelle altre sette province piemontesi, dove si segnalano minori problemi.&nbsp; In Lombardia, occupato a Milano piazzale Loreto.<\/p>\n<p>Code e rallentamenti nel Bergamasco, anche in centro citt\u00e0 a causa di alcune auto fatte andare a velocit\u00e0 ridotta. Rallentamenti anche allo svincolo di Mantova Nord sull'Autobrennero. Disagi e circolazione ferma al Nord In Veneto i presidi hanno provocato disagi specie al traffico sulle autostrade. Il casello di Soave sulla A4 \u00e8 stato chiuso in entrambi i sensi, forti rallentamenti vi sono stati al casello di Montecchio Maggiore, sempre in A4, e a Treviso sulla A27.<\/p>\n<p>In Friuli Venezia Giulia un migliaio di persone ha bloccato per un paio d'ore la circolazione stradale a Monfalcone, in provincia di Gorizia. Gran parte dei manifestanti era costituita da operai delle ditte in subappalto di Fincantieri.<\/p>\n<p>In Liguria, poche decine di manifestanti hanno bloccato la ferrovia, in due riprese, occupando i binari della stazione di Oneglia\/Imperia. La linea internazionale Genova-Ventimiglia \u00e8 stata interrotta. A Savona i binari sono stati occupati e subito sgomberati dall'intervento delle forze dell'ordine. A Genova sono previsti filtri per l'accesso alle stazioni.<\/p>\n<p>In Emilia Romagna volantinaggio e rallentamenti al casello autostradale Modena nord e a Parma in uscita dall'A1, presidio di una quindicina di forconi in Piazza Maggiore a Bologna.<\/p>\n<p>In Toscana una decina in tutto le persone che hanno distribuito volantini alla Fortezza da Basso di Firenze, senza intralci al traffico. Pochi disagi anche a Viareggio, dove invece luned\u00ec il traffico in entrata era bloccato a intermittenza.<\/p>\n<p>Nelle Marche secondo giorno di presidio davanti al Teatro delle Muse ad Ancona di un gruppetto di aderenti al movimento dei Forconi, che espongono cartelli e striscioni contro \"Stato\" e \"tasse\".<\/p>\n<p>Nel Lazio, a Roma blindati a Montecitorio, palazzo Chigi, palazzo Madama e Quirinale, in vista delle proteste nella Capitale. Prosegue a piazzale Ostiense un presidio dei manifestanti per decidere anche \"azioni eclatanti\" non violente. Continua la protesta a Frosinone, con una ventina di autotrasportatori fermi al casello dell'A1.<\/p>\n<p>Non si segnalano comunque problemi alla circolazione. Blocchi anche al Sud In Abruzzo prosegue a Pescara la protesta \"rumorosa\": i manifestanti con l'uso di trombe e fischietti, imitati da alcuni automobilisti con il suono di clacson, attraversano lentamente corso Vittorio Emanuele, creando problemi limitati al traffico.<\/p>\n<p>In Molise in aumento i manifestanti a Termoli: agricoltori, disoccupati, studenti e autotrasportatori. Altri tir si sono fermati lungo la strada statale 87, vicino al casello dell'A14 di Termoli, rimanendo per alcune ore.<\/p>\n<p>In Campania, volantinaggio a Napoli, in piazza Carlo III: forze dell'ordine hanno evitato il blocco stradale, i manifestanti hanno invitato gli agenti a solidarizzare con loro. Chiuso lo svincolo di Battipaglia, in provincia di Salerno, dell'A3 per una manifestazione di studenti, disoccupati e autotrasportatori.<\/p>\n<p>In Basilicata due presidi attivi: uno all'incrocio fra la statale Basentana e la Jonica, a Bernalda (Matera); l'altro davanti al comune di Montalbano Jonico (Matera).<\/p>\n<p>In Puglia bloccate per alcune ore a Barletta la zona industriale e la litoranea di Levante. I commercianti sono stati costretti a chiudere i negozi, cos\u00ec come ad Andria, dove si sarebbero mescolati ultr\u00e0 della locale squadra di calcio: indagano le forze dell'ordine. Bloccata per un'ora e mezza la stazione ferroviaria di Cerignola, in provincia di Foggia.<\/p>\n<p>In Calabria presidio davanti al casello autostradale dell'A3 di Cosenza per distribuire volantini. In Sicilia, a Catania presidio in piazza Universit\u00e0. <BR>A Palermo \u00e8 attivo il presidio di via Ernesto Basile e i Forconi hanno chiesto l'autorizzazione per una manifestazione gioved\u00ec prossimo davanti la sede di riscossione Sicilia a Palermo. A Giardini Naxos, in provincia di Messina, un uomo, in coda in un distributore di benzina per lo sciopero dei Forconi, ha colpito con una chiave da meccanico, al culmine di una lite un altro automobilista ed \u00e8 stato arrestato.<\/p>\n<p>In Sardegna niente blocchi n\u00e9 presidi ma una protesta pacifica davanti alla sede dell'agenzia delle Entrate a Cagliari. Gli anti-Equitalia si sono messi in fila per chiedere atti e documenti agli sportelli.<\/p>\n","protected":false},"excerpt":{"rendered":"<p>L&#8217;aula della Camera ha confermato la fiducia al governo Letta approvando la mozione della nuova maggioranza con 379 s\u00ec, 212 no e due astenuti. Ora&#8230;<\/p>\n","protected":false},"author":2,"featured_media":0,"comment_status":"closed","ping_status":"closed","sticky":false,"template":"","format":"standard","meta":[],"categories":[49],"tags":[],"_links":{"self":[{"href":"https:\/\/www.cronacaonline.it\/index.php\/wp-json\/wp\/v2\/posts\/107507"}],"collection":[{"href":"https:\/\/www.cronacaonline.it\/index.php\/wp-json\/wp\/v2\/posts"}],"about":[{"href":"https:\/\/www.cronacaonline.it\/index.php\/wp-json\/wp\/v2\/types\/post"}],"author":[{"embeddable":true,"href":"https:\/\/www.cronacaonline.it\/index.php\/wp-json\/wp\/v2\/users\/2"}],"replies":[{"embeddable":true,"href":"https:\/\/www.cronacaonline.it\/index.php\/wp-json\/wp\/v2\/comments?post=107507"}],"version-history":[{"count":0,"href":"https:\/\/www.cronacaonline.it\/index.php\/wp-json\/wp\/v2\/posts\/107507\/revisions"}],"wp:attachment":[{"href":"https:\/\/www.cronacaonline.it\/index.php\/wp-json\/wp\/v2\/media?parent=107507"}],"wp:term":[{"taxonomy":"category","embeddable":true,"href":"https:\/\/www.cronacaonline.it\/index.php\/wp-json\/wp\/v2\/categories?post=107507"},{"taxonomy":"post_tag","embeddable":true,"href":"https:\/\/www.cronacaonline.it\/index.php\/wp-json\/wp\/v2\/tags?post=107507"}],"curies":[{"name":"wp","href":"https:\/\/api.w.org\/{rel}","templated":true}]}}