{"id":107503,"date":"2013-12-20T17:20:44","date_gmt":"2013-12-20T16:20:44","guid":{"rendered":"http:\/\/www.cronacaonline.it\/public\/content\/index.php\/20\/12\/2013\/lavori-consiglio-regionale-bocciata-la-legge-di-equilibrio-del-servizio-sanitario"},"modified":"2013-12-20T17:20:44","modified_gmt":"2013-12-20T16:20:44","slug":"lavori-consiglio-regionale-bocciata-la-legge-di-equilibrio-del-servizio-sanitario","status":"publish","type":"post","link":"https:\/\/www.cronacaonline.it\/index.php\/2013\/12\/20\/lavori-consiglio-regionale-bocciata-la-legge-di-equilibrio-del-servizio-sanitario\/","title":{"rendered":"Lavori Consiglio regionale, bocciata la legge di equilibrio del servizio sanitario"},"content":{"rendered":"<p>I lavori del Consiglio regionale sono poi proseguiti con l\u2019esame del disegno di legge 603 equilibrio del servizio sanitario regionale. <\/p>\n<p>Sull\u2019ordine dei lavori Paolo Maninchedda si \u00e8 rivolto alla Presidente Lombardo per sapere se intende trasmettere all\u2019Autorit\u00e0 giudiziaria il testo dell\u2019intervento del sindaco di Modolo all\u2019assemblea del Cal. La presidente s\u00ec \u00e8 riservata una risposta nel momento in cui la trascrizione integrale del testo sar\u00e0 disponibile.<\/p>\n<p>L\u2019Aula ha approvato gli articoli e gli emendamenti aggiuntivi al testo del disegno di legge 603 ma si \u00e8 resa necessaria una breve sospensione dei lavori.<\/p>\n<p>Sull\u2019emendamento aggiuntivo 4 sono intervenuti Giuseppe Cuccu (Pd) e Gianvalerio Sanna, che ha detto: \u201cNessun tono trionfalistico, per cortesia, stiamo coprendo un deficit di sanit\u00e0. Avevamo detto di fermare il lavoro interinale nelle Asl, che \u00e8 costato quest\u2019anno ben 64 milioni di euro\u201d. L\u2019emendamento \u00e8 stato approvato.&nbsp; La presidente Lombardo ha poi messo in votazione il disegno di legge, che l\u2019Aula ha respinto con 26 voti a favore e 26 contrari. A quel punto i lavori sono stati sospesi per la necessaria convocazione di una conferenza dei capigruppo. <\/p>\n","protected":false},"excerpt":{"rendered":"<p>I lavori del Consiglio regionale sono poi proseguiti con l\u2019esame del disegno di legge 603 equilibrio del servizio sanitario regionale. Sull\u2019ordine dei lavori Paolo Maninchedda&#8230;<\/p>\n","protected":false},"author":2,"featured_media":0,"comment_status":"closed","ping_status":"closed","sticky":false,"template":"","format":"standard","meta":[],"categories":[49],"tags":[],"_links":{"self":[{"href":"https:\/\/www.cronacaonline.it\/index.php\/wp-json\/wp\/v2\/posts\/107503"}],"collection":[{"href":"https:\/\/www.cronacaonline.it\/index.php\/wp-json\/wp\/v2\/posts"}],"about":[{"href":"https:\/\/www.cronacaonline.it\/index.php\/wp-json\/wp\/v2\/types\/post"}],"author":[{"embeddable":true,"href":"https:\/\/www.cronacaonline.it\/index.php\/wp-json\/wp\/v2\/users\/2"}],"replies":[{"embeddable":true,"href":"https:\/\/www.cronacaonline.it\/index.php\/wp-json\/wp\/v2\/comments?post=107503"}],"version-history":[{"count":0,"href":"https:\/\/www.cronacaonline.it\/index.php\/wp-json\/wp\/v2\/posts\/107503\/revisions"}],"wp:attachment":[{"href":"https:\/\/www.cronacaonline.it\/index.php\/wp-json\/wp\/v2\/media?parent=107503"}],"wp:term":[{"taxonomy":"category","embeddable":true,"href":"https:\/\/www.cronacaonline.it\/index.php\/wp-json\/wp\/v2\/categories?post=107503"},{"taxonomy":"post_tag","embeddable":true,"href":"https:\/\/www.cronacaonline.it\/index.php\/wp-json\/wp\/v2\/tags?post=107503"}],"curies":[{"name":"wp","href":"https:\/\/api.w.org\/{rel}","templated":true}]}}