{"id":107491,"date":"2013-12-20T17:20:44","date_gmt":"2013-12-20T16:20:44","guid":{"rendered":"http:\/\/www.cronacaonline.it\/public\/content\/index.php\/20\/12\/2013\/agroalimentare-regione-approva-proposta-di-regolamento-uso-marchio-di-qualita"},"modified":"2013-12-20T17:20:44","modified_gmt":"2013-12-20T16:20:44","slug":"agroalimentare-regione-approva-proposta-di-regolamento-uso-marchio-di-qualita","status":"publish","type":"post","link":"https:\/\/www.cronacaonline.it\/index.php\/2013\/12\/20\/agroalimentare-regione-approva-proposta-di-regolamento-uso-marchio-di-qualita\/","title":{"rendered":"Agroalimentare: regione approva proposta di regolamento uso marchio di qualit\u00e0"},"content":{"rendered":"<p>La Giunta regionale ha approvato la proposta di Regolamento d\u2019uso del marchio collettivo di qualit\u00e0 agro alimentare garantito dalla Regione Sardegna. Prosegue quindi il percorso iniziato il 31 gennaio di quest\u2019anno, quando venne individuato il segno distintivo di cui la Regione Sardegna vuol farsi garante. Il marchio collettivo agro alimentare \u201cQualit\u00e0 garantita dalla Regione Sardegna\u201d, del quale la Regione ha acquisito la piena titolarit\u00e0, \u00e8 rappresentato da una \u2018Q\u2019 di colore rosso con quattro cerchi neri disposti in modo da richiamare inequivocabilmente gi\u00e0 ad una prima osservazione, i quattro mori simbolo della bandiera sarda. Sotto il simbolo, su fondo verde, campeggia la scritta \u2018Qualit\u00e0 Sardegna\u2019<\/p>\n<p>Regolamento - Il Regolamento definisce il marchio e le sue finalit\u00e0, le modalit\u00e0 di concessione e di impiego dello stesso, i potenziali fruitori del sistema di certificazione con i relativi prodotti ammissibili, le regole d\u2019utilizzo del segno distintivo e descrive il programma dei controlli. Il marchio assolver\u00e0 al compito di valorizzare i prodotti agricoli e alimentari di qualit\u00e0, favorendone la diffusione attraverso l\u2019adesione volontaria a specifiche norme di produzione. La presenza del marchio sui prodotti agroalimentari garantir\u00e0 al consumatore maggiore trasparenza su tutte le fasi del processo produttivo, la tracciabilit\u00e0 e un\u2019informazione precisa sulle caratteristiche intrinseche di qualit\u00e0.<\/p>\n<p>Titolarit\u00e0 e gestione del marchio - Il marchio \u00e8 di propriet\u00e0 della Regione Sardegna e le competenze previste dal regolamento d\u2019uso sono in capo all\u2019Assessorato dell\u2019Agricoltura cos\u00ec come la gestione, attraverso l\u2019agenzia Argea Sardegna, delle procedure per la concessione e la revoca all\u2019uso del marchio.<\/p>\n<p>I concessionari del marchio \u2013 L\u2019uso del marchio sar\u00e0 riservato alle imprese agricole,&nbsp; singole e associate, di trasformazione e\/o commercializzazione, operanti nel settore agroalimentare e alle associazioni di produttori agricoli.<\/p>\n<p>Disciplinari di Produzione - Contengono le regole alle quali i potenziali utilizzatori del marchio devono attenersi per poter aderire al sistema di certificazione specifico, redatte in conformit\u00e0 alle linee guida. I disciplinari saranno curati da appositi \u201cgruppi di lavoro\u201d.<\/p>\n<p>Utilizzo del marchio \u2013 L\u2019uso \u00e8 gratuito e la concessione durer\u00e0 cinque anni, ma se non autorizzato sar\u00e0 passibile di sanzioni, anche penali.<\/p>\n<p>L\u2019assessore dell\u2019Agricoltura \u2013 \u2018Questo del regolamento \u00e8 un passaggio fondamentale che ha richiesto un attenzione particolare su ogni dettaglio, - precisa Oscar Cherchi \u2013 per evitare qualunque ostacolo alla prossima entrata in funzione del marchio. In questo modo eviteremo eventuali modifiche del testo del progetto di Regolamento d\u2019uso dall\u2019Unit\u00e0 Centrale di Notifica italiana del Ministero dello sviluppo economico per evitare ritardi nella notifica alla Commissione Europea. Lo slogan \u2018Compra sardo, mangia sardo\u2019 potr\u00e0 cos\u00ec essere supportato al pi\u00f9 presto dall\u2019ufficialit\u00e0 di un marchio inconfondibile di qualit\u00e0\u2019. Com-red<\/p>\n","protected":false},"excerpt":{"rendered":"<p>La Giunta regionale ha approvato la proposta di Regolamento d\u2019uso del marchio collettivo di qualit\u00e0 agro alimentare garantito dalla Regione Sardegna. Prosegue quindi il percorso&#8230;<\/p>\n","protected":false},"author":2,"featured_media":0,"comment_status":"closed","ping_status":"closed","sticky":false,"template":"","format":"standard","meta":[],"categories":[49],"tags":[],"_links":{"self":[{"href":"https:\/\/www.cronacaonline.it\/index.php\/wp-json\/wp\/v2\/posts\/107491"}],"collection":[{"href":"https:\/\/www.cronacaonline.it\/index.php\/wp-json\/wp\/v2\/posts"}],"about":[{"href":"https:\/\/www.cronacaonline.it\/index.php\/wp-json\/wp\/v2\/types\/post"}],"author":[{"embeddable":true,"href":"https:\/\/www.cronacaonline.it\/index.php\/wp-json\/wp\/v2\/users\/2"}],"replies":[{"embeddable":true,"href":"https:\/\/www.cronacaonline.it\/index.php\/wp-json\/wp\/v2\/comments?post=107491"}],"version-history":[{"count":0,"href":"https:\/\/www.cronacaonline.it\/index.php\/wp-json\/wp\/v2\/posts\/107491\/revisions"}],"wp:attachment":[{"href":"https:\/\/www.cronacaonline.it\/index.php\/wp-json\/wp\/v2\/media?parent=107491"}],"wp:term":[{"taxonomy":"category","embeddable":true,"href":"https:\/\/www.cronacaonline.it\/index.php\/wp-json\/wp\/v2\/categories?post=107491"},{"taxonomy":"post_tag","embeddable":true,"href":"https:\/\/www.cronacaonline.it\/index.php\/wp-json\/wp\/v2\/tags?post=107491"}],"curies":[{"name":"wp","href":"https:\/\/api.w.org\/{rel}","templated":true}]}}