{"id":107468,"date":"2013-12-20T17:20:44","date_gmt":"2013-12-20T16:20:44","guid":{"rendered":"http:\/\/www.cronacaonline.it\/public\/content\/index.php\/20\/12\/2013\/agricoltore-confessa-di-aver-ucciso-lex-sindaco-di-guamaggiore-con-due-fucilate"},"modified":"2013-12-20T17:20:44","modified_gmt":"2013-12-20T16:20:44","slug":"agricoltore-confessa-di-aver-ucciso-lex-sindaco-di-guamaggiore-con-due-fucilate","status":"publish","type":"post","link":"https:\/\/www.cronacaonline.it\/index.php\/2013\/12\/20\/agricoltore-confessa-di-aver-ucciso-lex-sindaco-di-guamaggiore-con-due-fucilate\/","title":{"rendered":"Agricoltore confessa di aver ucciso l\u2019ex sindaco di Guamaggiore con due fucilate."},"content":{"rendered":"<p>Un pensionato, Salvatore Caria, 71 anni, agricoltore di Guamaggiore, avrebbe confessato l'omicidio di Antonino Pusceddu, di 76 anni, ex sindaco del paese dal 1985 al 1990. La vittima \u00e8 stata raggiunta da due colpi di fucile al petto sparati da distanza ravvicinata nelle campagne del piccolo centro della Trexenta.<\/p>\n<p>I carabinieri, che lo avevano sentito come testimone, dopo un lungo interrogatorio lo hanno sottoposto al fermo di polizia giudiziaria per poi trasferirlo nel carcere di Buoncammino a disposizione dell'autorit\u00e0 giudiziaria con l\u2019accusa di omicidio.<\/p>\n<p>Il fatto di sangue sarebbe riconducibile ad uno screzio per ragioni di confini fra terreni con la vittima, contrasto che prima era finito poi in tribunale ed ora nell\u2019omicidio.<\/p>\n<p>Gli investigatori del reparto operativo del comando provinciale cc di Cagliari e i colleghi della compagnia di Sanluri, hanno dunque risolto in tempi rapidissimi l'omicidio avvenuto nel primo pomeriggio di ieri. Verso le 15, infatti, \u00e8 stato ritrovato nelle campagne del paese, il corpo senza vita di Pusceddu. Il cadavere \u00e8 stato trovato dal fratello che era stato chiamato dalla moglie della vittima allarmata perch\u00e9 non era rientrato a casa per il pranzo. Il corpo era rivesto per terra, con una ferita di arma da fuoco al petto, vicino alla sua autovettura con la quale aveva raggiunto il podere. Sul posto sono intervenuti subito i carabinieri del Comando provinciale di Cagliari e della Compagnia di Sanluri, che hanno transennato la zona e avviato le indagini. Pusceddu \u00e8 stato anche direttore dell'agenzia delle entrata di Isili.<\/p>\n<p>Gli investigatori hanno individuato subito la pista giusta, fermando e accompagnando nella caserma di Guasila il vicino di terreno. Quindi il reo confesso era finito sotto torchio dei militari dell\u2019Arma e il magistrato di turno Maria Virginia Boi. <\/p>\n","protected":false},"excerpt":{"rendered":"<p>Un pensionato, Salvatore Caria, 71 anni, agricoltore di Guamaggiore, avrebbe confessato l&#8217;omicidio di Antonino Pusceddu, di 76 anni, ex sindaco del paese dal 1985 al&#8230;<\/p>\n","protected":false},"author":2,"featured_media":0,"comment_status":"closed","ping_status":"closed","sticky":false,"template":"","format":"standard","meta":[],"categories":[49],"tags":[],"_links":{"self":[{"href":"https:\/\/www.cronacaonline.it\/index.php\/wp-json\/wp\/v2\/posts\/107468"}],"collection":[{"href":"https:\/\/www.cronacaonline.it\/index.php\/wp-json\/wp\/v2\/posts"}],"about":[{"href":"https:\/\/www.cronacaonline.it\/index.php\/wp-json\/wp\/v2\/types\/post"}],"author":[{"embeddable":true,"href":"https:\/\/www.cronacaonline.it\/index.php\/wp-json\/wp\/v2\/users\/2"}],"replies":[{"embeddable":true,"href":"https:\/\/www.cronacaonline.it\/index.php\/wp-json\/wp\/v2\/comments?post=107468"}],"version-history":[{"count":0,"href":"https:\/\/www.cronacaonline.it\/index.php\/wp-json\/wp\/v2\/posts\/107468\/revisions"}],"wp:attachment":[{"href":"https:\/\/www.cronacaonline.it\/index.php\/wp-json\/wp\/v2\/media?parent=107468"}],"wp:term":[{"taxonomy":"category","embeddable":true,"href":"https:\/\/www.cronacaonline.it\/index.php\/wp-json\/wp\/v2\/categories?post=107468"},{"taxonomy":"post_tag","embeddable":true,"href":"https:\/\/www.cronacaonline.it\/index.php\/wp-json\/wp\/v2\/tags?post=107468"}],"curies":[{"name":"wp","href":"https:\/\/api.w.org\/{rel}","templated":true}]}}