{"id":107453,"date":"2013-12-18T17:20:44","date_gmt":"2013-12-18T16:20:44","guid":{"rendered":"http:\/\/www.cronacaonline.it\/public\/content\/index.php\/18\/12\/2013\/i-forconi-protestano-a-roma-sono-in-3mila"},"modified":"2013-12-18T17:20:44","modified_gmt":"2013-12-18T16:20:44","slug":"i-forconi-protestano-a-roma-sono-in-3mila","status":"publish","type":"post","link":"https:\/\/www.cronacaonline.it\/index.php\/2013\/12\/18\/i-forconi-protestano-a-roma-sono-in-3mila\/","title":{"rendered":"I Forconi protestano a Roma, sono in 3mila"},"content":{"rendered":"<p>Il movimento dei Forconi protesta a Roma. La partecipazione \u00e8 ridotta rispetto alle aspettative del Coordinamento 9 dicembre, l'organismo che riunisce al proprio interno tutte le correnti del movimento dei Forconi. Si attendevano almeno 15mila persone, ma al momento si contano al massimo 3mila manifestanti.<\/p>\n<p>\"Molti treni diretti a Roma si sono fermati perch\u00e9 rotti\" ha dichiarato Danilo Calvani, leader del movimento. \"Siamo autorizzati a rimanere qui fino a mezzanotte. Ora allentiamo i presidi in vista delle feste di Natale, ma non ci sciogliamo. Non molliamo, lotteremo ad oltranza\" ha continuato Calvani. In piazza anche alcune centinaia di manifestanti di Casapound, che sono arrivati al presidio sventolando le bandiere tricolore. In testa al corteo il vice-presidente del Movimento, Simone Di Stefano, arrestato qualche giorno fa per aver rubato la bandiera dell'Unione Europea e per averla sostituita con una bandiera italiana.<\/p>\n<p>E' intervenuto anche il cardinale Angelo Bagnasco, presidente della Cei e arcivescovo di Genova, sulle proteste: \"Soprattutto le istituzioni politiche devono ascoltare questo grido di dolore, questo disagio che \u00e8 reale nella societ\u00e0\".<\/p>\n<p>\"Ci controllano\". Enrico Leoni, uno dei portavoce del presidio davanti alla stazione Ostiense a Roma, ha denunciato che un'attivista ha trovato una cimice nascosta dentro un braccialetto appeso a un'inferriata alle spalle delle tende che sono montate dal 9 dicembre scorso: \"Ci vogliono controllare\" afferma Leoni.<\/p>\n<p>Il movimento dei forconi ha due anime, che si ritrovano entrambe a manifestare: l\u2019ala oltranzista dei manifestanti e l\u2019ala \"moderata\" (i siciliani e i veneti, che si sono apertamente dissociati dall\u2019accostamento a Casa Pound e ai disordini di piazza). La protesta, ormai dai molti volti, \u00e8 dilagata in varie citt\u00e0. Tensione, nella notte, alla stazione di Pisa, dove alcune decine di manifestanti del movimento dei Forconi, provenienti da Viareggio e diretti a Roma, hanno bloccato il treno sul quale volevano viaggiare senza pagare. Sul posto sono arrivati polizia e carabinieri e la stazione \u00e8 stata bloccata per quasi un'ora. Alla fine sono ripartiti su un altro treno dopo aver acquistato il biglietto.<\/p>\n<p>Danilo Calvani, sin dall'inizio promuove la manifestazione. \"Non c'\u00e8 nessuna etichetta politica - dice - \u00c8 una protesta pacifica la nostra. Infiltrazioni? Abbiamo paura di Letta e Napolitano, queste sono le infiltrazioni di cui abbiamo paura. Nessuno provi a mettere cappelli politici alla nostra protesta\". <\/p>\n<p>La citt\u00e0 \u00e8 blindata, anche perch\u00e9 ad alzare la tensione c'\u00e8 anche la protesta dei senza casa, che hanno organizzato un altro corteo in centro. In mattinata al Viminale \u00e8 stato convocato il Comitato per l'Ordine e la Sicurezza presieduto dal ministro dell\u2019Interno Angelino Alfano. Intanto Prefettura e forze dell'ordine hanno stabilito, fino a venerd\u00ec, il \"divieto di assembramento\" dei tir per le strade della Capitale e intorno ai caselli autostradali e anche di semplice circolazione per tutti quei mezzi che non siano impegnati nella distribuzione delle merci. Il Comune di Roma ha inoltre decretato il divieto di \"occupazione del suolo pubblico\", quindi non saranno consentiti accampamenti improvvisati. <\/p>\n","protected":false},"excerpt":{"rendered":"<p>Il movimento dei Forconi protesta a Roma. La partecipazione \u00e8 ridotta rispetto alle aspettative del Coordinamento 9 dicembre, l&#8217;organismo che riunisce al proprio interno tutte&#8230;<\/p>\n","protected":false},"author":2,"featured_media":0,"comment_status":"closed","ping_status":"closed","sticky":false,"template":"","format":"standard","meta":[],"categories":[49],"tags":[],"_links":{"self":[{"href":"https:\/\/www.cronacaonline.it\/index.php\/wp-json\/wp\/v2\/posts\/107453"}],"collection":[{"href":"https:\/\/www.cronacaonline.it\/index.php\/wp-json\/wp\/v2\/posts"}],"about":[{"href":"https:\/\/www.cronacaonline.it\/index.php\/wp-json\/wp\/v2\/types\/post"}],"author":[{"embeddable":true,"href":"https:\/\/www.cronacaonline.it\/index.php\/wp-json\/wp\/v2\/users\/2"}],"replies":[{"embeddable":true,"href":"https:\/\/www.cronacaonline.it\/index.php\/wp-json\/wp\/v2\/comments?post=107453"}],"version-history":[{"count":0,"href":"https:\/\/www.cronacaonline.it\/index.php\/wp-json\/wp\/v2\/posts\/107453\/revisions"}],"wp:attachment":[{"href":"https:\/\/www.cronacaonline.it\/index.php\/wp-json\/wp\/v2\/media?parent=107453"}],"wp:term":[{"taxonomy":"category","embeddable":true,"href":"https:\/\/www.cronacaonline.it\/index.php\/wp-json\/wp\/v2\/categories?post=107453"},{"taxonomy":"post_tag","embeddable":true,"href":"https:\/\/www.cronacaonline.it\/index.php\/wp-json\/wp\/v2\/tags?post=107453"}],"curies":[{"name":"wp","href":"https:\/\/api.w.org\/{rel}","templated":true}]}}