{"id":107450,"date":"2013-12-21T17:20:44","date_gmt":"2013-12-21T16:20:44","guid":{"rendered":"http:\/\/www.cronacaonline.it\/public\/content\/index.php\/21\/12\/2013\/la-chiusura-di-alcuni-sportelli-del-centro-unico-di-prenotazione"},"modified":"2013-12-21T17:20:44","modified_gmt":"2013-12-21T16:20:44","slug":"la-chiusura-di-alcuni-sportelli-del-centro-unico-di-prenotazione","status":"publish","type":"post","link":"https:\/\/www.cronacaonline.it\/index.php\/2013\/12\/21\/la-chiusura-di-alcuni-sportelli-del-centro-unico-di-prenotazione\/","title":{"rendered":"La chiusura di alcuni sportelli del Centro Unico di Prenotazione"},"content":{"rendered":"<p>La Asl di Olbia comunica che in occasione delle festivit\u00e0 natalizie e di fine anno il Centro Unico di Prenotazione della Asl di Olbia osserver\u00e0 la chiusura nella fascia pomeridiana nelle giornate del 24 e del 31 dicembre 2013.<\/p>\n<p>Inoltre: il Centro Unico di Prenotazione di La Maddalena in via Ammiraglio Magnaghi, rimarr\u00e0 chiuso nei giorni del 23 e 30 dicembre, e gioved\u00ec 2 e venerd\u00ec 3 gennaio 2014.<\/p>\n<p>Il Centro Unico di Prenotazione di Olbia dell\u2019Ospedale Giovanni Paolo II, in via Bazzoni-Sircana, effettuer\u00e0 la chiusura pomeridiana anche nel pomeriggio di venerd\u00ec 27 dicembre, mentre luned\u00ec 23 e 30 dicembre anticiper\u00e0 la chiusura alle 16.00, anzich\u00e9 alle 17.30. Com-red<\/p>\n","protected":false},"excerpt":{"rendered":"<p>La Asl di Olbia comunica che in occasione delle festivit\u00e0 natalizie e di fine anno il Centro Unico di Prenotazione della Asl di Olbia osserver\u00e0&#8230;<\/p>\n","protected":false},"author":2,"featured_media":0,"comment_status":"closed","ping_status":"closed","sticky":false,"template":"","format":"standard","meta":[],"categories":[49],"tags":[],"_links":{"self":[{"href":"https:\/\/www.cronacaonline.it\/index.php\/wp-json\/wp\/v2\/posts\/107450"}],"collection":[{"href":"https:\/\/www.cronacaonline.it\/index.php\/wp-json\/wp\/v2\/posts"}],"about":[{"href":"https:\/\/www.cronacaonline.it\/index.php\/wp-json\/wp\/v2\/types\/post"}],"author":[{"embeddable":true,"href":"https:\/\/www.cronacaonline.it\/index.php\/wp-json\/wp\/v2\/users\/2"}],"replies":[{"embeddable":true,"href":"https:\/\/www.cronacaonline.it\/index.php\/wp-json\/wp\/v2\/comments?post=107450"}],"version-history":[{"count":0,"href":"https:\/\/www.cronacaonline.it\/index.php\/wp-json\/wp\/v2\/posts\/107450\/revisions"}],"wp:attachment":[{"href":"https:\/\/www.cronacaonline.it\/index.php\/wp-json\/wp\/v2\/media?parent=107450"}],"wp:term":[{"taxonomy":"category","embeddable":true,"href":"https:\/\/www.cronacaonline.it\/index.php\/wp-json\/wp\/v2\/categories?post=107450"},{"taxonomy":"post_tag","embeddable":true,"href":"https:\/\/www.cronacaonline.it\/index.php\/wp-json\/wp\/v2\/tags?post=107450"}],"curies":[{"name":"wp","href":"https:\/\/api.w.org\/{rel}","templated":true}]}}