{"id":107447,"date":"2013-12-20T17:20:44","date_gmt":"2013-12-20T16:20:44","guid":{"rendered":"http:\/\/www.cronacaonline.it\/public\/content\/index.php\/20\/12\/2013\/industria---carbosulcis-approvato-in-giunta-il-piano-di-chiusura"},"modified":"2013-12-20T17:20:44","modified_gmt":"2013-12-20T16:20:44","slug":"industria-carbosulcis-approvato-in-giunta-il-piano-di-chiusura","status":"publish","type":"post","link":"https:\/\/www.cronacaonline.it\/index.php\/2013\/12\/20\/industria-carbosulcis-approvato-in-giunta-il-piano-di-chiusura\/","title":{"rendered":"Industria &#8211; Carbosulcis, Approvato in Giunta il Piano di chiusura"},"content":{"rendered":"<p>\u201cCon la dolorosa chiusura della miniera di carbone di \u201cMonte Sinni\u201d si chiude una pagina gloriosa della storia economico-sociale della Sardegna.\u201d E\u2019 il commento dell\u2019assessore dell\u2019Industria, Antonello Liori, dopo l\u2019approvazione in Giunta della delibera contenente il Piano di chiusura della miniera. \u201cNon \u00e8 stata una decisione facile, ma si \u00e8 resa necessaria per il rispetto delle norme comunitarie riguardanti le miniere non competitive - ha spiegato Liori - Una scelta che consentir\u00e0 anche di evitare i danni derivanti dalla procedura di infrazione avviata dall\u2019Unione europea, che obbligherebbe la Carbosulcis alla restituzione degli aiuti indebitamente ricevuti dalla Regione, con conseguente procedura fallimentare ed evidenti ripercussioni sull\u2019occupazione e sul tessuto sociale del Sulcis. Per questo motivo, presto saremo a Bruxelles per concordare l\u2019approvazione definitiva del Piano di chiusura, grazie anche al sostegno del Governo nazionale che ieri a Roma, tramite il sottosegretario De Vincenti, ci ha confermato il suo appoggio\u201d.<\/p>\n<p>\u201cIl Piano prevede due fasi - ha aggiunto Liori&nbsp; - La prima, dal 2014 al 2018, prevede una graduale riduzione di produzione del carbone fino a tonnellate zero, come previsto dalle direttive europee; la seconda, dal 2018 al 2027, configura una riconversione del personale e delle strutture minerarie della Carbosulcis, secondo alcune ipotesi di nuove attivit\u00e0 finanziate dal Governo nazionale, cos\u00ec da consentire il mantenimento di un forte tessuto industriale nel territorio. Ovviamente, il cardine sar\u00e0 l\u2019obiettivo del mantenimento del livello occupazionale, al netto degli esodi possibili che saranno anche favoriti da incentivi.\u201d Com<\/p>\n","protected":false},"excerpt":{"rendered":"<p>\u201cCon la dolorosa chiusura della miniera di carbone di \u201cMonte Sinni\u201d si chiude una pagina gloriosa della storia economico-sociale della Sardegna.\u201d E\u2019 il commento dell\u2019assessore&#8230;<\/p>\n","protected":false},"author":2,"featured_media":0,"comment_status":"closed","ping_status":"closed","sticky":false,"template":"","format":"standard","meta":[],"categories":[49],"tags":[],"_links":{"self":[{"href":"https:\/\/www.cronacaonline.it\/index.php\/wp-json\/wp\/v2\/posts\/107447"}],"collection":[{"href":"https:\/\/www.cronacaonline.it\/index.php\/wp-json\/wp\/v2\/posts"}],"about":[{"href":"https:\/\/www.cronacaonline.it\/index.php\/wp-json\/wp\/v2\/types\/post"}],"author":[{"embeddable":true,"href":"https:\/\/www.cronacaonline.it\/index.php\/wp-json\/wp\/v2\/users\/2"}],"replies":[{"embeddable":true,"href":"https:\/\/www.cronacaonline.it\/index.php\/wp-json\/wp\/v2\/comments?post=107447"}],"version-history":[{"count":0,"href":"https:\/\/www.cronacaonline.it\/index.php\/wp-json\/wp\/v2\/posts\/107447\/revisions"}],"wp:attachment":[{"href":"https:\/\/www.cronacaonline.it\/index.php\/wp-json\/wp\/v2\/media?parent=107447"}],"wp:term":[{"taxonomy":"category","embeddable":true,"href":"https:\/\/www.cronacaonline.it\/index.php\/wp-json\/wp\/v2\/categories?post=107447"},{"taxonomy":"post_tag","embeddable":true,"href":"https:\/\/www.cronacaonline.it\/index.php\/wp-json\/wp\/v2\/tags?post=107447"}],"curies":[{"name":"wp","href":"https:\/\/api.w.org\/{rel}","templated":true}]}}