{"id":107398,"date":"2013-12-28T17:20:44","date_gmt":"2013-12-28T16:20:44","guid":{"rendered":"http:\/\/www.cronacaonline.it\/public\/content\/index.php\/28\/12\/2013\/arrostita-e-fuochi-dartificio-per-il-primo-capodanno-stintinese"},"modified":"2013-12-28T17:20:44","modified_gmt":"2013-12-28T16:20:44","slug":"arrostita-e-fuochi-dartificio-per-il-primo-capodanno-stintinese","status":"publish","type":"post","link":"https:\/\/www.cronacaonline.it\/index.php\/2013\/12\/28\/arrostita-e-fuochi-dartificio-per-il-primo-capodanno-stintinese\/","title":{"rendered":"Arrostita e fuochi d\u2019artificio per il primo Capodanno stintinese"},"content":{"rendered":"<p>Va verso il tutto esaurito la prima edizione del Capodanno stintinese, \u201cL\u2019Isthintini 2014\u201d. L\u2019evento di Stintino, grande novit\u00e0 nella mappa dei capodanni regionali sembra davvero aver colpito nel segno: lo confermano le prenotazioni a pioggia arrivate verso le strutture ricettive e gli appartamenti del paese che si aggiungono ai tanti proprietari di seconde case che riapriranno le loro abitazioni per l\u2019occasione.<\/p>\n<p>Il paese si prepara a festeggiare l\u2019arrivo del nuovo anno con un grande spettacolo in piazza tra musica, animazione, arrostita e fuochi d\u2019artificio. \u00abSi tratta di una festa per tutti, famiglie e giovani, che si propone alternativa ad altre iniziative di piazza, l\u2019ennesima testimonianza che Stintino non vuole essere una localit\u00e0 viva solo d\u2019 Estate ma un paese da vivere tutto l\u2019anno\u00bb ha dichiarato il sindaco Antonio Diana che, insieme all\u2019assessore al Turismo Angelo Schiaffino, ha allestito l\u2019evento programmato gi\u00e0 da alcuni mesi.<\/p>\n<p>Buona anche la risposta dei locali, bar e ristoranti del paese che in larga parte saranno aperti durante la serata del 31 dicembre ma anche la mattina del 1\u00b0 gennaio per assicurare il servizio di prima colazione e caffetteria.<\/p>\n<p>Prosegue cos\u00ec la lunga serie di appuntamenti organizzati dall\u2019amministrazione comunale e che, da met\u00e0 dicembre, tra presepe a grandezza naturale per le vie del paese, concerto di Natale, festa per la famiglia e torneo di carte accompagneranno gli stintinesi sino all\u2019Epifania.<\/p>\n<p>Il 31 dicembre, con la prima edizione del \u201cCapodanno stintinese\u201d, la piazza dei 45 si animer\u00e0 gi\u00e0 a partire dalle ore 18. Sul palco, per suonare e cantare, saliranno artisti quali Apocalipse, Granade (rap), La Pillola, Ludus in Krapula (ragge ska) e ancora Gionata feuer frei con i suoi spettacolari giochi di fuocoe il dj Daniel Nove fino a notte fonda.<\/p>\n<p>Sulla piazza, intanto, i volontari della Pro loco daranno il via alla grande arrostita e alla preparazione di cotechino con lenticchie, di buon auspicio per il nuovo anno, e distribuiranno free drink a sorpresa.<\/p>\n<p>Allo scoccare della mezzanotte, da Piazza dei 45 (anche questa \u00e8 una novit\u00e0) sar\u00e0 possibile assistere allo spettacolo dei fuochi d\u2019artificio.<\/p>\n<p>Per l\u2019occasione, l\u2019amministrazione comunale ha pensato di attivare un servizio navetta (anche questa pare molto gettonata con diverse prenotazioni gi\u00e0 registrate) per consentire di raggiungere il paese a quanti vogliano evitare di guidare con la propria autovettura o, per vari motivi, non abbiano la possibilit\u00e0 di farlo.<BR>&nbsp;<BR>Per viaggiare con l\u2019autobus, messo a disposizione dalla societ\u00e0 \u201cAnglona tour\u201d, sar\u00e0 necessario prenotare chiamando ai numeri 348.39.47.808, 079.52.00.81, 340.99.72.200. La navetta, a pagamento, partir\u00e0 da Sassari per Stintino, passando per Sennori, Sorso e Porto Torres.<\/p>\n<p>&nbsp;<BR>L\u2019amministrazione comunale, che ha iniziato a programmare gli eventi da agosto ha investito molto in questa iniziativa, in termini di comunicazione e forse questa \u00e8 stata la chiave della risposta positiva che l\u2019evento sta riscuotendo.<\/p>\n<p>Il Capodanno stintinese \u00e8 organizzato dal Comune, assessorato al Turismo, in collaborazione con la Pro loco di Stintino e l\u2019associazione Limes.<\/p>\n","protected":false},"excerpt":{"rendered":"<p>Va verso il tutto esaurito la prima edizione del Capodanno stintinese, \u201cL\u2019Isthintini 2014\u201d. L\u2019evento di Stintino, grande novit\u00e0 nella mappa dei capodanni regionali sembra davvero&#8230;<\/p>\n","protected":false},"author":2,"featured_media":0,"comment_status":"closed","ping_status":"closed","sticky":false,"template":"","format":"standard","meta":[],"categories":[49],"tags":[],"_links":{"self":[{"href":"https:\/\/www.cronacaonline.it\/index.php\/wp-json\/wp\/v2\/posts\/107398"}],"collection":[{"href":"https:\/\/www.cronacaonline.it\/index.php\/wp-json\/wp\/v2\/posts"}],"about":[{"href":"https:\/\/www.cronacaonline.it\/index.php\/wp-json\/wp\/v2\/types\/post"}],"author":[{"embeddable":true,"href":"https:\/\/www.cronacaonline.it\/index.php\/wp-json\/wp\/v2\/users\/2"}],"replies":[{"embeddable":true,"href":"https:\/\/www.cronacaonline.it\/index.php\/wp-json\/wp\/v2\/comments?post=107398"}],"version-history":[{"count":0,"href":"https:\/\/www.cronacaonline.it\/index.php\/wp-json\/wp\/v2\/posts\/107398\/revisions"}],"wp:attachment":[{"href":"https:\/\/www.cronacaonline.it\/index.php\/wp-json\/wp\/v2\/media?parent=107398"}],"wp:term":[{"taxonomy":"category","embeddable":true,"href":"https:\/\/www.cronacaonline.it\/index.php\/wp-json\/wp\/v2\/categories?post=107398"},{"taxonomy":"post_tag","embeddable":true,"href":"https:\/\/www.cronacaonline.it\/index.php\/wp-json\/wp\/v2\/tags?post=107398"}],"curies":[{"name":"wp","href":"https:\/\/api.w.org\/{rel}","templated":true}]}}