{"id":107375,"date":"2013-12-20T17:20:44","date_gmt":"2013-12-20T16:20:44","guid":{"rendered":"http:\/\/www.cronacaonline.it\/public\/content\/index.php\/20\/12\/2013\/bando-pisl-poic-proroga-scadenza-termini-al-28-febbraio-2014"},"modified":"2013-12-20T17:20:44","modified_gmt":"2013-12-20T16:20:44","slug":"bando-pisl-poic-proroga-scadenza-termini-al-28-febbraio-2014","status":"publish","type":"post","link":"https:\/\/www.cronacaonline.it\/index.php\/2013\/12\/20\/bando-pisl-poic-proroga-scadenza-termini-al-28-febbraio-2014\/","title":{"rendered":"Bando Pisl Poic: proroga scadenza termini al 28 febbraio 2014"},"content":{"rendered":"<p>E\u2019stata prorogata al 28 febbraio 2014 la data di scadenza per la presentazione delle domande ai bandi PISL - &nbsp;relativo all\u2019azione di microcredito per il sostegno alle imprese e all'occupazione -&nbsp;&nbsp;e&nbsp;POIC&nbsp;- progetti operativi per l\u2019imprenditorialit\u00e0 comunale. Lo rende noto l\u2019assessore regionale&nbsp;del Lavoro, Mariano Contu.<\/p>\n<p>\u00c8 opportuno - ha affermato l\u2019esponente dell\u2019esecutivo - che in un momento di crisi economica, caratterizzato dalla difficolt\u00e0 di accesso al credito,&nbsp;i comuni beneficiari dell\u2019approvazione dei progetti promuovano azioni di animazione territoriale, affinch\u00e9 i cittadini interessati alla creazione di nuove attivit\u00e0 imprenditoriali, siano informati sulle opportunit\u00e0 offerte dall'avviso&nbsp;regionale. Com-red<\/p>\n","protected":false},"excerpt":{"rendered":"<p>E\u2019stata prorogata al 28 febbraio 2014 la data di scadenza per la presentazione delle domande ai bandi PISL &#8211; &nbsp;relativo all\u2019azione di microcredito per il&#8230;<\/p>\n","protected":false},"author":2,"featured_media":0,"comment_status":"closed","ping_status":"closed","sticky":false,"template":"","format":"standard","meta":[],"categories":[49],"tags":[],"_links":{"self":[{"href":"https:\/\/www.cronacaonline.it\/index.php\/wp-json\/wp\/v2\/posts\/107375"}],"collection":[{"href":"https:\/\/www.cronacaonline.it\/index.php\/wp-json\/wp\/v2\/posts"}],"about":[{"href":"https:\/\/www.cronacaonline.it\/index.php\/wp-json\/wp\/v2\/types\/post"}],"author":[{"embeddable":true,"href":"https:\/\/www.cronacaonline.it\/index.php\/wp-json\/wp\/v2\/users\/2"}],"replies":[{"embeddable":true,"href":"https:\/\/www.cronacaonline.it\/index.php\/wp-json\/wp\/v2\/comments?post=107375"}],"version-history":[{"count":0,"href":"https:\/\/www.cronacaonline.it\/index.php\/wp-json\/wp\/v2\/posts\/107375\/revisions"}],"wp:attachment":[{"href":"https:\/\/www.cronacaonline.it\/index.php\/wp-json\/wp\/v2\/media?parent=107375"}],"wp:term":[{"taxonomy":"category","embeddable":true,"href":"https:\/\/www.cronacaonline.it\/index.php\/wp-json\/wp\/v2\/categories?post=107375"},{"taxonomy":"post_tag","embeddable":true,"href":"https:\/\/www.cronacaonline.it\/index.php\/wp-json\/wp\/v2\/tags?post=107375"}],"curies":[{"name":"wp","href":"https:\/\/api.w.org\/{rel}","templated":true}]}}