{"id":107366,"date":"2013-12-13T17:20:44","date_gmt":"2013-12-13T16:20:44","guid":{"rendered":"http:\/\/www.cronacaonline.it\/public\/content\/index.php\/13\/12\/2013\/artigianato--cooperazione-sardegna-marocco-in-mostra-a-cagliari-eccellenze-tessili"},"modified":"2013-12-13T17:20:44","modified_gmt":"2013-12-13T16:20:44","slug":"artigianato-cooperazione-sardegna-marocco-in-mostra-a-cagliari-eccellenze-tessili","status":"publish","type":"post","link":"https:\/\/www.cronacaonline.it\/index.php\/2013\/12\/13\/artigianato-cooperazione-sardegna-marocco-in-mostra-a-cagliari-eccellenze-tessili\/","title":{"rendered":"Artigianato \u2013 Cooperazione Sardegna-Marocco, in mostra a Cagliari eccellenze tessili"},"content":{"rendered":"<p>Un\u2019ulteriore conferma del ruolo d\u2019eccellenza della Regione Sardegna e delle amministrazioni locali isolane nella valorizzazione dell\u2019artigianato artistico e tradizionale e nella cooperazione internazionale. Sono stati presentati oggi dall\u2019assessore regionale dell\u2019Artigianato, Luigi Crisponi, e dalla direttrice generale della Presidenza, Gabriella Massidda, e saranno in mostra sino a gioved\u00ec 19 dicembre alla Bottega Santa Croce (ex Isola) di Cagliari (in via Santa Corce 39), i manufatti prodotti e i risultati raggiunti nell\u2019ambito del progetto di cooperazione \u2018Sviluppo dei saperi artigianali e integrazione dei sistemi produttivi in Marocco e in Italia\u2019. Recuperare gli antichi tesori tradizionali e le abilit\u00e0 custodite nel tempo ed elaborare nuove forme di promozione del patrimonio del fare esaltando la ricchezza del territorio che lo produce sono gli obiettivi che hanno dato vita al progetto, finanziato dal Programma di sostegno alla Cooperazione regionale e realizzato dalla presidenza della Regione in partenariato con&nbsp; il ministero dell\u2019Artigianato del Regno del Marocco.<\/p>\n<p>&nbsp;\u201cLa Regione ha realizzato e sta realizzando una serie di attivit\u00e0 nel settore artigiano \u2013 ha affermato l\u2019assessore Crisponi - capaci di mettere in luce una Sardegna autentica che crea sviluppo economico riscoprendo, nel contempo, le sue tradizioni identitarie e secolari ma aperte alla modernit\u00e0 e all\u2019originalit\u00e0\u201d. \u201cLa Sardegna \u2013 ha spiegato la direttrice Massidda - capofila del progetto insieme ad altre nove regioni, ha creduto fino in fondo in questa sinergia che mira al mantenimento dell\u2019arte del sapere cercando di coniugare le conoscenze reali,&nbsp; storiche, fattuali con la prosecuzione del tempo dando un valore aggiunto di contemporaneit\u00e0, cosicch\u00e9 i saperi tradizionali diventino potenzialit\u00e0 per i nostri giovani\u201d.<\/p>\n<p>Nel quadro del progetto in collaborazione con alcune cooperative femminili marocchine e associazioni di migranti marocchini residenti in Sardegna sono stati realizzati dei laboratori progettuali, grazie anche al contributo di alcune realt\u00e0 artigianali sarde e alla partecipazione delle facolt\u00e0 di architettura delle Universit\u00e0 di Cagliari e Sassari. Il pubblico della mostra potr\u00e0 ammirare i risultati di tali attivit\u00e0, frutto di&nbsp; un lavoro a pi\u00f9 mani, di sinergie e incontri tra mondi differenti. In questa occasione, il pubblico potr\u00e0 fare offerte per l\u2019acquisto di ognuno dei pezzi esposti e il ricavato sar\u00e0 donato all\u2019associazione SOS Villaggi dei bambini, con cui si \u00e8 collaborato nel quadro del progetto. Tra le attivit\u00e0 poste in essere nell\u2019ambito del progetto vi \u00e8 la realizzazione dell\u2019Archivio dei saperi artigianali del Mediterraneo (<A href=\"http:\/\/www.mediterraneancraftsarchive.it\">www.mediterraneancraftsarchive.it<\/A>), consultabile durante il periodo della mostra da una postazione internet dedicata.<\/p>\n<p>La presentazione \u00e8 stata occasione per l\u2019assessore Crisponi per parlare anche di un\u2019altra iniziativa di valorizzazione dell\u2019artigianato artistico e tradizionale di imminente realizzazione: \u201cAbbiamo approvato nell\u2019ultima seduta di Giunta una delibera intitolata \u2018Trame dell\u2019identit\u00e0 di Sardegna\u2019 \u2013 ha detto - e, nella prossima riunione, presenter\u00f2 un altro provvedimento che la completer\u00e0 dal punto di vista attuativo, istituendo il \u2018Distretto del tappeto sardo\u2019, una rete fortemente identitaria e aggregante, che coinvolga i centri dove \u00e8 presente e si sviluppa la produzione del tappeto, integrando l\u2019intera filiera artigiana, l\u2019ambito di riferimento \u00e8 regionale ma la vendibilit\u00e0 internazionale. Un\u2019iniziativa \u2013 ha aggiunto Crisponi - intesa a promuovere, salvaguardare e valorizzare le risorse tessili che rientra tra le azioni strutturali e promozionali di settore\u201d. <BR><\/p>\n","protected":false},"excerpt":{"rendered":"<p>Un\u2019ulteriore conferma del ruolo d\u2019eccellenza della Regione Sardegna e delle amministrazioni locali isolane nella valorizzazione dell\u2019artigianato artistico e tradizionale e nella cooperazione internazionale. Sono stati&#8230;<\/p>\n","protected":false},"author":2,"featured_media":0,"comment_status":"closed","ping_status":"closed","sticky":false,"template":"","format":"standard","meta":[],"categories":[49],"tags":[],"_links":{"self":[{"href":"https:\/\/www.cronacaonline.it\/index.php\/wp-json\/wp\/v2\/posts\/107366"}],"collection":[{"href":"https:\/\/www.cronacaonline.it\/index.php\/wp-json\/wp\/v2\/posts"}],"about":[{"href":"https:\/\/www.cronacaonline.it\/index.php\/wp-json\/wp\/v2\/types\/post"}],"author":[{"embeddable":true,"href":"https:\/\/www.cronacaonline.it\/index.php\/wp-json\/wp\/v2\/users\/2"}],"replies":[{"embeddable":true,"href":"https:\/\/www.cronacaonline.it\/index.php\/wp-json\/wp\/v2\/comments?post=107366"}],"version-history":[{"count":0,"href":"https:\/\/www.cronacaonline.it\/index.php\/wp-json\/wp\/v2\/posts\/107366\/revisions"}],"wp:attachment":[{"href":"https:\/\/www.cronacaonline.it\/index.php\/wp-json\/wp\/v2\/media?parent=107366"}],"wp:term":[{"taxonomy":"category","embeddable":true,"href":"https:\/\/www.cronacaonline.it\/index.php\/wp-json\/wp\/v2\/categories?post=107366"},{"taxonomy":"post_tag","embeddable":true,"href":"https:\/\/www.cronacaonline.it\/index.php\/wp-json\/wp\/v2\/tags?post=107366"}],"curies":[{"name":"wp","href":"https:\/\/api.w.org\/{rel}","templated":true}]}}