{"id":107304,"date":"2013-12-20T17:20:44","date_gmt":"2013-12-20T16:20:44","guid":{"rendered":"http:\/\/www.cronacaonline.it\/public\/content\/index.php\/20\/12\/2013\/sanita-de-francisci-preoccupazione-per-bocciatura-ddl-a-rischio-sistema-sanitario-e-cure-primarie-per-pazienti-sardi"},"modified":"2013-12-20T17:20:44","modified_gmt":"2013-12-20T16:20:44","slug":"sanita-de-francisci-preoccupazione-per-bocciatura-ddl-a-rischio-sistema-sanitario-e-cure-primarie-per-pazienti-sardi","status":"publish","type":"post","link":"https:\/\/www.cronacaonline.it\/index.php\/2013\/12\/20\/sanita-de-francisci-preoccupazione-per-bocciatura-ddl-a-rischio-sistema-sanitario-e-cure-primarie-per-pazienti-sardi\/","title":{"rendered":"Sanit\u00e0: De Francisci, preoccupazione per bocciatura Ddl: a rischio sistema sanitario e cure primarie per pazienti sardi"},"content":{"rendered":"<p>&nbsp;\u201cLa bocciatura del disegno di legge sull\u2019equilibrio del servizio sanitario regionale mette a rischio l\u2019intero sistema delle cure primarie in Sardegna, ovvero i Livelli essenziali di assistenza. Dopo tutto il lavoro, le interlocuzioni e le battaglie di questi mesi in Conferenza delle Regioni e Stato-Regioni, questa battuta d'arresto pu\u00f2 essere controproducente. Mi appello al senso di responsabilit\u00e0 di tutti i consiglieri affinch\u00e9 nella prossima seduta dell'Assemblea si riporti in Aula il testo. Ricordo che il Consiglio aveva preso un impegno, conseguente al taglio dell\u2019Irap che comunque non sarebbe dovuto andare a discapito della sanit\u00e0\u201d. <\/p>\n<p>Lo dichiara l\u2019assessore Simona De Francisci, che ha espresso preoccupazione e stupore in merito al pronunciamento di oggi da parte dell\u2019Assemblea legislativa.<\/p>\n<p>\"Il voto del Consiglio \u00e8 sovrano, ma chi oggi ha votato contro il disegno di legge ieri accusava la Giunta di voler chiudere i piccoli ospedali: bene, coloro sappiano che \u00e8 il loro \u201cno\u201d a metterne a rischio l\u2019esistenza, anche perch\u00e9 tra le conseguenze della bocciatura vi \u00e8 l'azzeramento di tutti gli atti aziendali delle Asl che dovranno essere riformulati, perch\u00e8 con le attuali risorse finanziarie non sono sostenibili economicamente. Insomma, qui \u00e8 a rischio il sistema sanitario sardo nel suo complesso: ospedali, reparti, Asl, cure, tutto\u201d.<\/p>\n<p>L\u2019assessore poi sottolinea come le risorse necessarie al finanziamento inserite nel disegno di legge fossero disponibili perch\u00e9 generate dai risparmi degli assessorati a seguito dei blocchi di spesa imposti dal Patto di stabilit\u00e0. Risorse inoltre che sarebbero state tra l'altro utili a garantire alle Aziende sanitarie la liquidit\u00e0 necessaria al pagamento dei debiti commerciali. Dopo il voto di oggi, se non verr\u00e0 posto rimedio con urgenza, viene dunque messo in ginocchio l\u2019intero sistema legato alla sanit\u00e0, Asl e indotto, perch\u00e9 impedisce alle aziende di procedere ai pagamento in tempi stretti. <\/p>\n","protected":false},"excerpt":{"rendered":"<p>&nbsp;\u201cLa bocciatura del disegno di legge sull\u2019equilibrio del servizio sanitario regionale mette a rischio l\u2019intero sistema delle cure primarie in Sardegna, ovvero i Livelli essenziali&#8230;<\/p>\n","protected":false},"author":2,"featured_media":0,"comment_status":"closed","ping_status":"closed","sticky":false,"template":"","format":"standard","meta":[],"categories":[49],"tags":[],"_links":{"self":[{"href":"https:\/\/www.cronacaonline.it\/index.php\/wp-json\/wp\/v2\/posts\/107304"}],"collection":[{"href":"https:\/\/www.cronacaonline.it\/index.php\/wp-json\/wp\/v2\/posts"}],"about":[{"href":"https:\/\/www.cronacaonline.it\/index.php\/wp-json\/wp\/v2\/types\/post"}],"author":[{"embeddable":true,"href":"https:\/\/www.cronacaonline.it\/index.php\/wp-json\/wp\/v2\/users\/2"}],"replies":[{"embeddable":true,"href":"https:\/\/www.cronacaonline.it\/index.php\/wp-json\/wp\/v2\/comments?post=107304"}],"version-history":[{"count":0,"href":"https:\/\/www.cronacaonline.it\/index.php\/wp-json\/wp\/v2\/posts\/107304\/revisions"}],"wp:attachment":[{"href":"https:\/\/www.cronacaonline.it\/index.php\/wp-json\/wp\/v2\/media?parent=107304"}],"wp:term":[{"taxonomy":"category","embeddable":true,"href":"https:\/\/www.cronacaonline.it\/index.php\/wp-json\/wp\/v2\/categories?post=107304"},{"taxonomy":"post_tag","embeddable":true,"href":"https:\/\/www.cronacaonline.it\/index.php\/wp-json\/wp\/v2\/tags?post=107304"}],"curies":[{"name":"wp","href":"https:\/\/api.w.org\/{rel}","templated":true}]}}