{"id":107297,"date":"2013-12-18T17:20:44","date_gmt":"2013-12-18T16:20:44","guid":{"rendered":"http:\/\/www.cronacaonline.it\/public\/content\/index.php\/18\/12\/2013\/ricerca--fase-1-regione-da-tempo-attivati-risparmi-spesa-e-a-breve-avvio-processo-dismissione"},"modified":"2013-12-18T17:20:44","modified_gmt":"2013-12-18T16:20:44","slug":"ricerca-fase-1-regione-da-tempo-attivati-risparmi-spesa-e-a-breve-avvio-processo-dismissione","status":"publish","type":"post","link":"https:\/\/www.cronacaonline.it\/index.php\/2013\/12\/18\/ricerca-fase-1-regione-da-tempo-attivati-risparmi-spesa-e-a-breve-avvio-processo-dismissione\/","title":{"rendered":"Ricerca \u2013 Fase 1; regione, da tempo attivati risparmi spesa e a breve avvio processo dismissione"},"content":{"rendered":"<p>La Giunta&nbsp; regionale ha da tempo operato una serie di risparmi ed&nbsp;\u00e8 all'attenzione dell'esecutivo il progetto di dismissione delle quote di Fase 1, societ\u00e0 partecipata della Regione che quando venne istituita nel 2006 aveva come missione quella&nbsp; sviluppare progetti&nbsp; farmaceutici e biotecnologici dalle ultime fasi di ricerca preclinica, tossicologica e farmacologica fino alle iniziali sperimentazioni cliniche sull\u2019uomo.&nbsp;<\/p>\n<p>E\u2019 quanto emerge dalla relazioni inviata nei giorni scorsi dalla Direzione generale della Presidenza alla sezione di controllo della Corte dei Conti che aveva avviato un\u2019indagine sulla gestione della societ\u00e0. I risparmi di spesa si sono attivati attraverso la riduzione dei componenti&nbsp; (da 7 a 5 quelli del Comitato tecnico-scientifico) e dei compensi degli organi sociali.<BR>&nbsp;&nbsp; Nella relazione - illustrata dal Dg della Presidenza, Gabriella Massidda - si fa una breve cronistoria dei vari passaggi che hanno portato ad imboccare la strada della procedura di dimissione dopo che \u00e8 stata scartata l'ipotesi&nbsp; (prevista con un disegno di legge) di trasformare la societ\u00e0 in una Fondazione.&nbsp; A questo si \u00e8 arrivati dopo che un confronto tra diverse strutture dell\u2019Amministrazione (dalla Dg della Sanit\u00e0 al Centro regionale di programmazione) e soggetti esterni (Sardegna Ricerche e Azienda ospedaliera Brotzu)&nbsp; ha evidenziato che una tale scelta non sarebbe stata in linea con i profili di&nbsp; coerenza dell\u2019attivit\u00e0 dell\u2019Ente rispetto alle finalit\u00e0 istituzionali della Regione. A questo si \u00e8 aggiunta anche la considerazione dell\u2019inopportunit\u00e0 della conservazione della partecipazione alla luce degli indirizzi di contenimento della spesa pubblica.<\/p>\n<p>Da qui la decisione dell\u2019avvio della procedura di dismissione delle quote di Fase 1 per favorire sia la tutela degli interessi patrimoniali dell\u2019Ente sia il pi\u00f9 agevole collocamento di un bene non facilmente \u2018commerciabile\u2019,&nbsp; tenendo conto, altres\u00ec, di una specifica manifestazione di interesse formulata dall\u2019Azienda ospedaliera Brotzu e dei possibili benefici per il sistema sanitario sardo e per il sistema regionale della ricerca. Com<\/p>\n","protected":false},"excerpt":{"rendered":"<p>La Giunta&nbsp; regionale ha da tempo operato una serie di risparmi ed&nbsp;\u00e8 all&#8217;attenzione dell&#8217;esecutivo il progetto di dismissione delle quote di Fase 1, societ\u00e0 partecipata&#8230;<\/p>\n","protected":false},"author":2,"featured_media":0,"comment_status":"closed","ping_status":"closed","sticky":false,"template":"","format":"standard","meta":[],"categories":[49],"tags":[],"_links":{"self":[{"href":"https:\/\/www.cronacaonline.it\/index.php\/wp-json\/wp\/v2\/posts\/107297"}],"collection":[{"href":"https:\/\/www.cronacaonline.it\/index.php\/wp-json\/wp\/v2\/posts"}],"about":[{"href":"https:\/\/www.cronacaonline.it\/index.php\/wp-json\/wp\/v2\/types\/post"}],"author":[{"embeddable":true,"href":"https:\/\/www.cronacaonline.it\/index.php\/wp-json\/wp\/v2\/users\/2"}],"replies":[{"embeddable":true,"href":"https:\/\/www.cronacaonline.it\/index.php\/wp-json\/wp\/v2\/comments?post=107297"}],"version-history":[{"count":0,"href":"https:\/\/www.cronacaonline.it\/index.php\/wp-json\/wp\/v2\/posts\/107297\/revisions"}],"wp:attachment":[{"href":"https:\/\/www.cronacaonline.it\/index.php\/wp-json\/wp\/v2\/media?parent=107297"}],"wp:term":[{"taxonomy":"category","embeddable":true,"href":"https:\/\/www.cronacaonline.it\/index.php\/wp-json\/wp\/v2\/categories?post=107297"},{"taxonomy":"post_tag","embeddable":true,"href":"https:\/\/www.cronacaonline.it\/index.php\/wp-json\/wp\/v2\/tags?post=107297"}],"curies":[{"name":"wp","href":"https:\/\/api.w.org\/{rel}","templated":true}]}}