{"id":107267,"date":"2013-12-06T17:20:44","date_gmt":"2013-12-06T16:20:44","guid":{"rendered":"http:\/\/www.cronacaonline.it\/public\/content\/index.php\/06\/12\/2013\/comune-oliena-censimento-danni-alluvione-nel-suo-territorio"},"modified":"2013-12-06T17:20:44","modified_gmt":"2013-12-06T16:20:44","slug":"comune-oliena-censimento-danni-alluvione-nel-suo-territorio","status":"publish","type":"post","link":"https:\/\/www.cronacaonline.it\/index.php\/2013\/12\/06\/comune-oliena-censimento-danni-alluvione-nel-suo-territorio\/","title":{"rendered":"Comune Oliena, censimento danni alluvione nel suo territorio"},"content":{"rendered":"<p>Il Comune di Oliena sta predisponendo il censimento dei danni provocati dall\u2019alluvione del 18 novembre scorso. \u201cLe schede relative ai danni subito dalla rete viaria e stradale sono gi\u00e0 state consegnate al Commissario Straordinario per l\u2019emergenza Giorgio Cical\u00f2\u201d -spiega l\u2019assessore all\u2019ambiente Valentino Carta \u2013 \u201ce contengono una stima di oltre quattro milioni di euro. Dobbiamo ora concentraci sui danni subiti dagli agricoltori e dagli allevatori, al mancato reddito per tutte queste imprese, al fatto che per l\u2019impercorribilit\u00e0 di alcune strade soltanto andare nelle aziende rappresenta un aggravio di costi notevole.<\/p>\n<p>Il Comune \u00e8 in prima fila, a disposizione di tutti quanti hanno necessit\u00e0 di chiedere i risarcimenti: faremo&nbsp; la raccolta di tutte le richieste e le invieremo nei tempi stabiliti al Commissario per l\u2019emergenza e la ricostruzione con la certezza che non stiamo partecipando ad una gara a chi arriva primo ma stiamo operando per ottenere quanto dovuto.<\/p>\n<p>La nostra battaglia \u2013 dichiara ancora Carta \u2013 si sposta&nbsp; ora nelle sedi istituzionali centrali, Governo e Regione, perch\u00e9 non si dimentichino degli impegni presi nei giorni del disastro. Abbiamo memoria e ci ricordiamo non solo che avevano assicurato&nbsp; fondi certi e veloci per la ricostruzione, per&nbsp; l\u2019eliminazione di disagi ed i risarcimenti, ma anche che avrebbero allentato il Patto di Stabilit\u00e0 dei Comuni colpiti per permettere loro di intervenire velocemente per eliminare le emergenze e risolvere le urgenze. Ci\u00f2 ancora non \u00e8 avvenuto e come Comune non possiamo dare il supporto&nbsp; che vorremmo ai nostri cittadini.\u201d Com<\/p>\n","protected":false},"excerpt":{"rendered":"<p>Il Comune di Oliena sta predisponendo il censimento dei danni provocati dall\u2019alluvione del 18 novembre scorso. \u201cLe schede relative ai danni subito dalla rete viaria&#8230;<\/p>\n","protected":false},"author":2,"featured_media":0,"comment_status":"closed","ping_status":"closed","sticky":false,"template":"","format":"standard","meta":[],"categories":[49],"tags":[],"_links":{"self":[{"href":"https:\/\/www.cronacaonline.it\/index.php\/wp-json\/wp\/v2\/posts\/107267"}],"collection":[{"href":"https:\/\/www.cronacaonline.it\/index.php\/wp-json\/wp\/v2\/posts"}],"about":[{"href":"https:\/\/www.cronacaonline.it\/index.php\/wp-json\/wp\/v2\/types\/post"}],"author":[{"embeddable":true,"href":"https:\/\/www.cronacaonline.it\/index.php\/wp-json\/wp\/v2\/users\/2"}],"replies":[{"embeddable":true,"href":"https:\/\/www.cronacaonline.it\/index.php\/wp-json\/wp\/v2\/comments?post=107267"}],"version-history":[{"count":0,"href":"https:\/\/www.cronacaonline.it\/index.php\/wp-json\/wp\/v2\/posts\/107267\/revisions"}],"wp:attachment":[{"href":"https:\/\/www.cronacaonline.it\/index.php\/wp-json\/wp\/v2\/media?parent=107267"}],"wp:term":[{"taxonomy":"category","embeddable":true,"href":"https:\/\/www.cronacaonline.it\/index.php\/wp-json\/wp\/v2\/categories?post=107267"},{"taxonomy":"post_tag","embeddable":true,"href":"https:\/\/www.cronacaonline.it\/index.php\/wp-json\/wp\/v2\/tags?post=107267"}],"curies":[{"name":"wp","href":"https:\/\/api.w.org\/{rel}","templated":true}]}}