{"id":107262,"date":"2013-12-13T17:20:44","date_gmt":"2013-12-13T16:20:44","guid":{"rendered":"http:\/\/www.cronacaonline.it\/public\/content\/index.php\/13\/12\/2013\/presentazione-a-sassari-del-calendario-storico-e-dellagenda-storica-2014--dellarma-dei-carabinieri"},"modified":"2013-12-13T17:20:44","modified_gmt":"2013-12-13T16:20:44","slug":"presentazione-a-sassari-del-calendario-storico-e-dellagenda-storica-2014-dellarma-dei-carabinieri","status":"publish","type":"post","link":"https:\/\/www.cronacaonline.it\/index.php\/2013\/12\/13\/presentazione-a-sassari-del-calendario-storico-e-dellagenda-storica-2014-dellarma-dei-carabinieri\/","title":{"rendered":"Presentazione a Sassari del Calendario Storico e dell\u2019Agenda Storica 2014  dell\u2019Arma dei Carabinieri"},"content":{"rendered":"<p>Questa mattina, presso l'Aula Magna della Scuola Ufficiali Carabinieri di Roma, alla presenza del Comandante Generale dell'Arma Leonardo Gallitelli, si \u00e8 svolta la cerimonia di presentazione del Calendario Storico e dell'Agenda Storica 2014 dell'Arma dei Carabinieri, le cui tavole completano il ciclo degli ultimi tre calendari ripercorrendo i momenti pi\u00f9 significativi per l'Istituzione nel suo \"quarto Cinquantennio di Storia\" sino al 2014, \"Bicentenario della Fondazione\".<\/p>\n<p>Il notevole interesse verso il Calendario Storico dell'Arma, quest'anno giunto a una tiratura di 1.300.000 copie, di cui 8.000 in lingue straniere (inglese, francese, spagnolo e tedesco), \u00e8 indice sia dell'affetto e della vicinanza che ciascun cittadino nutre nei confronti della Benemerita a cui \u00e8 legata da uno speciale vincolo, sia dei sentimenti di coesione e unit\u00e0 esistenti tra i Carabinieri attraverso il richiamo a intramontabili valori e semplici eroici gesti quotidiani.<\/p>\n<p>Nato nel 1928, dopo l'interruzione post-bellica dal 1945 al 1949, la pubblicazione del Calendario, giunta alla sua 81^ edizione, venne ripresa regolarmente nel 1950 e da allora \u00e8 stata puntuale interprete, con le sue tavole, delle vicende dell'Arma e, attraverso di essa, della Storia d'Italia.<BR>Le artistiche tavole dell'edizione 2014 del Calendario Storico, ideate e realizzate dal Maestro Paolo Di Paolo \u2013 dal Sig. Massimo Maracci riguardo alla pagina centrale \u2013 sono state presentate al pubblico da Massimo Giletti.<\/p>\n<p>La mattinata \u00e8 cominciata con la proiezione di un filmato commentato da Gianni Bisiach che, nell'ispirarsi ai contenuti dell'opera, ha raccontato l'Arma dei giorni nostri, un'Istituzione moderna e aderente alle mutate esigenze operative ma al tempo stesso forte dei valori e delle tradizioni che l'hanno sempre contraddistinta.<\/p>\n","protected":false},"excerpt":{"rendered":"<p>Questa mattina, presso l&#8217;Aula Magna della Scuola Ufficiali Carabinieri di Roma, alla presenza del Comandante Generale dell&#8217;Arma Leonardo Gallitelli, si \u00e8 svolta la cerimonia di&#8230;<\/p>\n","protected":false},"author":2,"featured_media":0,"comment_status":"closed","ping_status":"closed","sticky":false,"template":"","format":"standard","meta":[],"categories":[49],"tags":[],"_links":{"self":[{"href":"https:\/\/www.cronacaonline.it\/index.php\/wp-json\/wp\/v2\/posts\/107262"}],"collection":[{"href":"https:\/\/www.cronacaonline.it\/index.php\/wp-json\/wp\/v2\/posts"}],"about":[{"href":"https:\/\/www.cronacaonline.it\/index.php\/wp-json\/wp\/v2\/types\/post"}],"author":[{"embeddable":true,"href":"https:\/\/www.cronacaonline.it\/index.php\/wp-json\/wp\/v2\/users\/2"}],"replies":[{"embeddable":true,"href":"https:\/\/www.cronacaonline.it\/index.php\/wp-json\/wp\/v2\/comments?post=107262"}],"version-history":[{"count":0,"href":"https:\/\/www.cronacaonline.it\/index.php\/wp-json\/wp\/v2\/posts\/107262\/revisions"}],"wp:attachment":[{"href":"https:\/\/www.cronacaonline.it\/index.php\/wp-json\/wp\/v2\/media?parent=107262"}],"wp:term":[{"taxonomy":"category","embeddable":true,"href":"https:\/\/www.cronacaonline.it\/index.php\/wp-json\/wp\/v2\/categories?post=107262"},{"taxonomy":"post_tag","embeddable":true,"href":"https:\/\/www.cronacaonline.it\/index.php\/wp-json\/wp\/v2\/tags?post=107262"}],"curies":[{"name":"wp","href":"https:\/\/api.w.org\/{rel}","templated":true}]}}