{"id":107246,"date":"2013-12-14T17:20:44","date_gmt":"2013-12-14T16:20:44","guid":{"rendered":"http:\/\/www.cronacaonline.it\/public\/content\/index.php\/14\/12\/2013\/brigata-sassari-presidente-regione-fondamentale-far-conoscere-impegno-dei-dimonios"},"modified":"2013-12-14T17:20:44","modified_gmt":"2013-12-14T16:20:44","slug":"brigata-sassari-presidente-regione-fondamentale-far-conoscere-impegno-dei-dimonios","status":"publish","type":"post","link":"https:\/\/www.cronacaonline.it\/index.php\/2013\/12\/14\/brigata-sassari-presidente-regione-fondamentale-far-conoscere-impegno-dei-dimonios\/","title":{"rendered":"Brigata Sassari, Presidente Regione: fondamentale far conoscere impegno dei Dimonios"},"content":{"rendered":"<p>\"\u00c9 fondamentale far conoscere l'impegno altruista dei Dimonios\". Lo ha dichiarato il presidente della Regione Sardegna, durante il suo intervento stamane alla caserma 'Monfenera' in occasione della presentazione del libro di Pierluigi Piredda ed Elisabetta Loi \"Sotto il cielo di Herat\".<\/p>\n<p>\"La loro opera a favore di popolazioni tormentate - ha aggiunto Cappellacci, ricordando quanto ha potuto vedere di persona durante l'esperienza vissuta accanto ai sassarini nelle due festivit\u00e0 natalizie trascorse in Afghanistan -&nbsp;\u00e8 una delle testimonianze del loro essere i migliori interpreti dei valori della nostra tradizione e in particolare di quello della solidariet\u00e0. <\/p>\n<p>Dobbiamo essere grati alla Brigata Sassari - ha aggiunto il presidente - anche per la sua opera in terra sarda perch\u00e9 fin dalle prime ore successive all'alluvione gli uomini erano gi\u00e0 sul campo e sono tutt'ora impegnati a prestare assistenza alle comunit\u00e0 colpite\".<\/p>\n","protected":false},"excerpt":{"rendered":"<p>&#8220;\u00c9 fondamentale far conoscere l&#8217;impegno altruista dei Dimonios&#8221;. Lo ha dichiarato il presidente della Regione Sardegna, durante il suo intervento stamane alla caserma &#8216;Monfenera&#8217; in&#8230;<\/p>\n","protected":false},"author":2,"featured_media":0,"comment_status":"closed","ping_status":"closed","sticky":false,"template":"","format":"standard","meta":[],"categories":[49],"tags":[],"_links":{"self":[{"href":"https:\/\/www.cronacaonline.it\/index.php\/wp-json\/wp\/v2\/posts\/107246"}],"collection":[{"href":"https:\/\/www.cronacaonline.it\/index.php\/wp-json\/wp\/v2\/posts"}],"about":[{"href":"https:\/\/www.cronacaonline.it\/index.php\/wp-json\/wp\/v2\/types\/post"}],"author":[{"embeddable":true,"href":"https:\/\/www.cronacaonline.it\/index.php\/wp-json\/wp\/v2\/users\/2"}],"replies":[{"embeddable":true,"href":"https:\/\/www.cronacaonline.it\/index.php\/wp-json\/wp\/v2\/comments?post=107246"}],"version-history":[{"count":0,"href":"https:\/\/www.cronacaonline.it\/index.php\/wp-json\/wp\/v2\/posts\/107246\/revisions"}],"wp:attachment":[{"href":"https:\/\/www.cronacaonline.it\/index.php\/wp-json\/wp\/v2\/media?parent=107246"}],"wp:term":[{"taxonomy":"category","embeddable":true,"href":"https:\/\/www.cronacaonline.it\/index.php\/wp-json\/wp\/v2\/categories?post=107246"},{"taxonomy":"post_tag","embeddable":true,"href":"https:\/\/www.cronacaonline.it\/index.php\/wp-json\/wp\/v2\/tags?post=107246"}],"curies":[{"name":"wp","href":"https:\/\/api.w.org\/{rel}","templated":true}]}}