{"id":107228,"date":"2013-12-20T17:20:44","date_gmt":"2013-12-20T16:20:44","guid":{"rendered":"http:\/\/www.cronacaonline.it\/public\/content\/index.php\/20\/12\/2013\/viabilita-dorgali-oliena-massima-attenzione-della-provincia"},"modified":"2013-12-20T17:20:44","modified_gmt":"2013-12-20T16:20:44","slug":"viabilita-dorgali-oliena-massima-attenzione-della-provincia","status":"publish","type":"post","link":"https:\/\/www.cronacaonline.it\/index.php\/2013\/12\/20\/viabilita-dorgali-oliena-massima-attenzione-della-provincia\/","title":{"rendered":"Viabilit\u00e0 Dorgali Oliena. Massima attenzione della Provincia"},"content":{"rendered":"<p>Il ritorno alla normalit\u00e0 nella possibilit\u00e0 di movimento e trasporto fra Oliena e Dorgali, compromessa dall'alluvione&nbsp; a causa del&nbsp; crollo di un tratto della strada provincia Oliena-Dorgali, \u00e8 fra le priorit\u00e0 della Provincia di Nuoro.<\/p>\n<p>Lo hanno dichiarato il vicepresidente Costantino Tidu e l'assessore alle infrastrutture Franco Corosu. \"Siamo consci dei disagi ai quali sono sottoposti i cittadini, ed i danni subiti da quanti non riescono a raggiungere le proprie imprese. Cos\u00ec come conosciamo bene le difficolt\u00e0 incontrate da quanti devono utilizzare viabilit\u00e0 alternativa.<\/p>\n<p>Nei prossimi giorni\" - hanno dichiarato - \"incontreremo le amministrazioni di Dorgali, Oliena e degli altri&nbsp; comuni interessati da questi disagi. Ricordiamo che la strada&nbsp; \u00e8 ancora sotto sequestro ed \u00e8 dunque impossibile intervenire. Appena sar\u00e0 possibile - hanno spiegato Tidu e Corosu - si analizzeranno tutte le ipotesi&nbsp; di intervento ed insieme agli amministratori locali&nbsp; si decider\u00e0 quale soluzione porre in atto\". Com-red<\/p>\n","protected":false},"excerpt":{"rendered":"<p>Il ritorno alla normalit\u00e0 nella possibilit\u00e0 di movimento e trasporto fra Oliena e Dorgali, compromessa dall&#8217;alluvione&nbsp; a causa del&nbsp; crollo di un tratto della strada&#8230;<\/p>\n","protected":false},"author":2,"featured_media":0,"comment_status":"closed","ping_status":"closed","sticky":false,"template":"","format":"standard","meta":[],"categories":[49],"tags":[],"_links":{"self":[{"href":"https:\/\/www.cronacaonline.it\/index.php\/wp-json\/wp\/v2\/posts\/107228"}],"collection":[{"href":"https:\/\/www.cronacaonline.it\/index.php\/wp-json\/wp\/v2\/posts"}],"about":[{"href":"https:\/\/www.cronacaonline.it\/index.php\/wp-json\/wp\/v2\/types\/post"}],"author":[{"embeddable":true,"href":"https:\/\/www.cronacaonline.it\/index.php\/wp-json\/wp\/v2\/users\/2"}],"replies":[{"embeddable":true,"href":"https:\/\/www.cronacaonline.it\/index.php\/wp-json\/wp\/v2\/comments?post=107228"}],"version-history":[{"count":0,"href":"https:\/\/www.cronacaonline.it\/index.php\/wp-json\/wp\/v2\/posts\/107228\/revisions"}],"wp:attachment":[{"href":"https:\/\/www.cronacaonline.it\/index.php\/wp-json\/wp\/v2\/media?parent=107228"}],"wp:term":[{"taxonomy":"category","embeddable":true,"href":"https:\/\/www.cronacaonline.it\/index.php\/wp-json\/wp\/v2\/categories?post=107228"},{"taxonomy":"post_tag","embeddable":true,"href":"https:\/\/www.cronacaonline.it\/index.php\/wp-json\/wp\/v2\/tags?post=107228"}],"curies":[{"name":"wp","href":"https:\/\/api.w.org\/{rel}","templated":true}]}}