{"id":107211,"date":"2013-12-27T17:20:44","date_gmt":"2013-12-27T16:20:44","guid":{"rendered":"http:\/\/www.cronacaonline.it\/public\/content\/index.php\/27\/12\/2013\/policlinico-di-monserrato-40-milioni-di-euro-per-il-blocco-r"},"modified":"2013-12-27T17:20:44","modified_gmt":"2013-12-27T16:20:44","slug":"policlinico-di-monserrato-40-milioni-di-euro-per-il-blocco-r","status":"publish","type":"post","link":"https:\/\/www.cronacaonline.it\/index.php\/2013\/12\/27\/policlinico-di-monserrato-40-milioni-di-euro-per-il-blocco-r\/","title":{"rendered":"Policlinico di Monserrato, 40 milioni di euro per il blocco R"},"content":{"rendered":"<p>La sanit\u00e0 del futuro. Luned\u00ec 23 dicembre si \u00e8 tenuto in rettorato l\u2019incontro tra i vertici dell\u2019ateneo di Cagliari e dell\u2019Azienda ospedaliera universitaria, con il sottosegretario alla Sanit\u00e0, Paolo Fadda. Al centro della riunione i progetti per la realizzazione al Policlinico di Monserrato del \"Blocco R\". Intanto, per gennaio sono attese le determinazioni ministeriali inerenti il futuro delle Professioni sanitarie e quello degli specializzandi in medicina. Le foto dell\u2019incontro e i disegni del&nbsp; progetto sul Blocco R sono reperibili sul sito <A href=\"http:\/\/www.unica.it\">www.unica.it<\/A><\/p>\n<p>Il nuovo ospedale universitario. Il piano illustrato dal professor Melis prevede un investimento gi\u00e0 finanziato di 40 milioni di euro. Un budget che permetter\u00e0 di completare il progetto del nuovo ospedale universitario con il trasferimento dei reparti e degli ambulatori di dermatologia, genetica, oculistica, ortopedia, urologia, ematologia, psichiatria, farmacologia clinica, medicina del lavoro, anatomia patologica e il Centro per la sclerosi multipla. Al Policlinico approderanno anche vari servizi amministrativi e direzionali ospitati al San Giovanni di Dio.<\/p>\n<p>L\u2019iter burocratico. La sequenza riguardante i progetti del Blocco R fa capo ai ministeri di Sviluppo Economico, Salute e Universit\u00e0, a Regione e Aou Cagliari. Il Policlinico ospedaliero universitario - come hanno ribadito i docenti durante l\u2019incontro - \u00e8 centro di assistenza, alta formazione e specializzazione medica. Una struttura che necessita di tecnologie all\u2019avanguardia sia per i servizi alla popolazione, sia per la ricerca scientifica e la didattica.<\/p>\n<p>Rettore e sottosegretario. \u201cOccorre puntare sui giovani, l\u2019Italia e la Sardegna ce la faranno grazie a loro. Ma \u2013 ha detto il professor Melis - dovranno imparare a lavorare e produrre tanto in termini di conoscenza e di ricchezza per la societ\u00e0. Il nuovo Policlinico \u00e8 fiore all\u2019occhiello per la nostra Isola\". Il rettore ha auspicato un avvio del progetto in tempi ragionevoli. \"Il completamento del polo ospedaliero di Monserrato \u00e8 stato pensato oltre vent\u2019anni fa dall\u2019allora rettore, Duilio Casula. Si tratta \u2013 ha sottolineato l\u2019onorevole Fadda \u2013 di un\u2019opera indispensabile, utile non solo alla sanit\u00e0 cagliaritana ma all\u2019intera Sardegna\".<\/p>\n<p>Partecipanti e relatori. Oltre al rettore Giovanni Melis e al sottosegretario Paolo Fadda, all\u2019incontro hanno preso parte i d.g. dell\u2019Azienda mista, Ennio Filigheddu, e dell\u2019universit\u00e0, Aldo Urru, e i professori Paolo Emilio Manconi, Mario Piga, Paolo Contu, Alessandro Uccheddu, Giovanbattista Melis, Francesco Marrosu, Francesco Marongiu e Marisa Marrosu. Com<\/p>\n","protected":false},"excerpt":{"rendered":"<p>La sanit\u00e0 del futuro. Luned\u00ec 23 dicembre si \u00e8 tenuto in rettorato l\u2019incontro tra i vertici dell\u2019ateneo di Cagliari e dell\u2019Azienda ospedaliera universitaria, con il&#8230;<\/p>\n","protected":false},"author":2,"featured_media":0,"comment_status":"closed","ping_status":"closed","sticky":false,"template":"","format":"standard","meta":[],"categories":[49],"tags":[],"_links":{"self":[{"href":"https:\/\/www.cronacaonline.it\/index.php\/wp-json\/wp\/v2\/posts\/107211"}],"collection":[{"href":"https:\/\/www.cronacaonline.it\/index.php\/wp-json\/wp\/v2\/posts"}],"about":[{"href":"https:\/\/www.cronacaonline.it\/index.php\/wp-json\/wp\/v2\/types\/post"}],"author":[{"embeddable":true,"href":"https:\/\/www.cronacaonline.it\/index.php\/wp-json\/wp\/v2\/users\/2"}],"replies":[{"embeddable":true,"href":"https:\/\/www.cronacaonline.it\/index.php\/wp-json\/wp\/v2\/comments?post=107211"}],"version-history":[{"count":0,"href":"https:\/\/www.cronacaonline.it\/index.php\/wp-json\/wp\/v2\/posts\/107211\/revisions"}],"wp:attachment":[{"href":"https:\/\/www.cronacaonline.it\/index.php\/wp-json\/wp\/v2\/media?parent=107211"}],"wp:term":[{"taxonomy":"category","embeddable":true,"href":"https:\/\/www.cronacaonline.it\/index.php\/wp-json\/wp\/v2\/categories?post=107211"},{"taxonomy":"post_tag","embeddable":true,"href":"https:\/\/www.cronacaonline.it\/index.php\/wp-json\/wp\/v2\/tags?post=107211"}],"curies":[{"name":"wp","href":"https:\/\/api.w.org\/{rel}","templated":true}]}}