{"id":107206,"date":"2013-12-23T17:20:44","date_gmt":"2013-12-23T16:20:44","guid":{"rendered":"http:\/\/www.cronacaonline.it\/public\/content\/index.php\/23\/12\/2013\/m5s-e-lega-allattacco-sul-salva--roma"},"modified":"2013-12-23T17:20:44","modified_gmt":"2013-12-23T16:20:44","slug":"m5s-e-lega-allattacco-sul-salva-roma","status":"publish","type":"post","link":"https:\/\/www.cronacaonline.it\/index.php\/2013\/12\/23\/m5s-e-lega-allattacco-sul-salva-roma\/","title":{"rendered":"M5S e Lega all&#8217;attacco sul Salva- Roma"},"content":{"rendered":"<p>Non si placano le polemiche sul decreto Salva-Roma, in scadenza a fine dicembre. Mentre Lega e M5S alzano i toni, minacciando ancora ostruzionismo, il governo pone la fiducia. Il voto alla Camera, inizialmente previsto per domani alle 18, \u00e8 stato anticipato alle 14.30. Nelle ultime ore a sollevare polemiche \u00e8 stato l'emendamento alla legge di Stabilit\u00e0 che 'neutralizzerebbe' la possibilit\u00e0 di rescissione dall'affitto per i palazzi istituzionali. <\/p>\n<p>Fonti interne alla maggioranza fanno per\u00f2 sapere che il governo starebbe gi\u00e0 valutando un intervento per correggere la norma contestata e domani il ministro per i Rapporti con il Parlamento, Dario Franceschini, prima delle dichiarazioni di voto, riferir\u00e0 sulla questione. \"Il governo si impegni e trovi una soluzione alla vergogna degli affitti d'oro attraverso un decreto ad hoc o siamo pronti all'ostruzionismo\". <\/p>\n<p>Cos\u00ec i deputati del M5S, Riccardo Fraccaro e Laura Castelli. Polemiche anche dalla Lega. \"Alcuni capitoli del Salva-Roma, comunque vada, resteranno negli annali delle peggiori schifezze viste in Parlamento\". Lo scrive su Facebook il leghista Davide Caparini in riferimento alla norma contro gli affitti. Un suo collega di partito, il deputato Buonanno, ha agitato un forcone in Aula suscitando la reazione della Presidenza.<\/p>\n<p>Dopo l'approvazione di Montecitorio, a Palazzo Madama approdano i disegni di legge su stabilit\u00e0 e bilancio, l'ossatura della politica economica. Il governo pone la questione di fiducia, il via libera \u00e8 atteso per le ore 15.<\/p>\n","protected":false},"excerpt":{"rendered":"<p>Non si placano le polemiche sul decreto Salva-Roma, in scadenza a fine dicembre. Mentre Lega e M5S alzano i toni, minacciando ancora ostruzionismo, il governo&#8230;<\/p>\n","protected":false},"author":2,"featured_media":0,"comment_status":"closed","ping_status":"closed","sticky":false,"template":"","format":"standard","meta":[],"categories":[49],"tags":[],"_links":{"self":[{"href":"https:\/\/www.cronacaonline.it\/index.php\/wp-json\/wp\/v2\/posts\/107206"}],"collection":[{"href":"https:\/\/www.cronacaonline.it\/index.php\/wp-json\/wp\/v2\/posts"}],"about":[{"href":"https:\/\/www.cronacaonline.it\/index.php\/wp-json\/wp\/v2\/types\/post"}],"author":[{"embeddable":true,"href":"https:\/\/www.cronacaonline.it\/index.php\/wp-json\/wp\/v2\/users\/2"}],"replies":[{"embeddable":true,"href":"https:\/\/www.cronacaonline.it\/index.php\/wp-json\/wp\/v2\/comments?post=107206"}],"version-history":[{"count":0,"href":"https:\/\/www.cronacaonline.it\/index.php\/wp-json\/wp\/v2\/posts\/107206\/revisions"}],"wp:attachment":[{"href":"https:\/\/www.cronacaonline.it\/index.php\/wp-json\/wp\/v2\/media?parent=107206"}],"wp:term":[{"taxonomy":"category","embeddable":true,"href":"https:\/\/www.cronacaonline.it\/index.php\/wp-json\/wp\/v2\/categories?post=107206"},{"taxonomy":"post_tag","embeddable":true,"href":"https:\/\/www.cronacaonline.it\/index.php\/wp-json\/wp\/v2\/tags?post=107206"}],"curies":[{"name":"wp","href":"https:\/\/api.w.org\/{rel}","templated":true}]}}