{"id":106686,"date":"2013-10-14T17:20:43","date_gmt":"2013-10-14T16:20:43","guid":{"rendered":"http:\/\/www.cronacaonline.it\/public\/content\/index.php\/14\/10\/2013\/giovedi-prossimo-a-cagliari-interventi-di-disinfestazione-anti-blatte-in-varie-vie-della-citta"},"modified":"2013-10-14T17:20:43","modified_gmt":"2013-10-14T16:20:43","slug":"giovedi-prossimo-a-cagliari-interventi-di-disinfestazione-anti-blatte-in-varie-vie-della-citta","status":"publish","type":"post","link":"https:\/\/www.cronacaonline.it\/index.php\/2013\/10\/14\/giovedi-prossimo-a-cagliari-interventi-di-disinfestazione-anti-blatte-in-varie-vie-della-citta\/","title":{"rendered":"Gioved\u00ec prossimo a Cagliari interventi di disinfestazione anti blatte in varie vie della citt\u00e0"},"content":{"rendered":"<p>Gioved\u00ec 17 ottobre alle ore 8.30 gli operatori del Servizio provinciale antinsetti effettueranno un intervento di disinfestazione per il trattamento di blatte nelle vie: Tamburino Sardo, Stamira, Socrate, Balilla, Marmilla e Giulio II, in corrispondenza dei pozzetti di ispezione fognaria.<\/p>\n<p><BR>Durante la disinfestazione gli abitanti delle case circostanti dovranno mettere al sicuro, all'interno degli edifici, biancheria, giocattoli, animali domestici e tutto quanto pu\u00f2 essere usato a scopo alimentare; dovranno tenere chiusi gli infissi esterni (anche dopo la conclusione della disinfestazione, per almeno un'ora). Inoltre dovranno astenersi per almeno 30 giorni dal consumare ortaggi e frutta eventualmente coltivati nei terreni limitrofi.<\/p>\n","protected":false},"excerpt":{"rendered":"<p>Gioved\u00ec 17 ottobre alle ore 8.30 gli operatori del Servizio provinciale antinsetti effettueranno un intervento di disinfestazione per il trattamento di blatte nelle vie: Tamburino&#8230;<\/p>\n","protected":false},"author":2,"featured_media":0,"comment_status":"closed","ping_status":"closed","sticky":false,"template":"","format":"standard","meta":[],"categories":[49],"tags":[],"_links":{"self":[{"href":"https:\/\/www.cronacaonline.it\/index.php\/wp-json\/wp\/v2\/posts\/106686"}],"collection":[{"href":"https:\/\/www.cronacaonline.it\/index.php\/wp-json\/wp\/v2\/posts"}],"about":[{"href":"https:\/\/www.cronacaonline.it\/index.php\/wp-json\/wp\/v2\/types\/post"}],"author":[{"embeddable":true,"href":"https:\/\/www.cronacaonline.it\/index.php\/wp-json\/wp\/v2\/users\/2"}],"replies":[{"embeddable":true,"href":"https:\/\/www.cronacaonline.it\/index.php\/wp-json\/wp\/v2\/comments?post=106686"}],"version-history":[{"count":0,"href":"https:\/\/www.cronacaonline.it\/index.php\/wp-json\/wp\/v2\/posts\/106686\/revisions"}],"wp:attachment":[{"href":"https:\/\/www.cronacaonline.it\/index.php\/wp-json\/wp\/v2\/media?parent=106686"}],"wp:term":[{"taxonomy":"category","embeddable":true,"href":"https:\/\/www.cronacaonline.it\/index.php\/wp-json\/wp\/v2\/categories?post=106686"},{"taxonomy":"post_tag","embeddable":true,"href":"https:\/\/www.cronacaonline.it\/index.php\/wp-json\/wp\/v2\/tags?post=106686"}],"curies":[{"name":"wp","href":"https:\/\/api.w.org\/{rel}","templated":true}]}}