{"id":106677,"date":"2013-10-14T17:20:43","date_gmt":"2013-10-14T16:20:43","guid":{"rendered":"http:\/\/www.cronacaonline.it\/public\/content\/index.php\/14\/10\/2013\/gianmaria-testa-giovedi-31-ottobre-a-oristano-per-un-doppio-appuntamento-targato-dromos-per-letturevisioni"},"modified":"2013-10-14T17:20:43","modified_gmt":"2013-10-14T16:20:43","slug":"gianmaria-testa-giovedi-31-ottobre-a-oristano-per-un-doppio-appuntamento-targato-dromos-per-letturevisioni","status":"publish","type":"post","link":"https:\/\/www.cronacaonline.it\/index.php\/2013\/10\/14\/gianmaria-testa-giovedi-31-ottobre-a-oristano-per-un-doppio-appuntamento-targato-dromos-per-letturevisioni\/","title":{"rendered":"Gianmaria Testa gioved\u00ec 31 ottobre a Oristano per un doppio appuntamento targato Dromos per Letture\/Visioni."},"content":{"rendered":"<p>Alle 18.30 presenta il suo libro \"Ventimila leghe (in fondo al mare)\",alle 21.30 concerto sulle tracce del suo ultimo disco \"Men at work\".<\/p>\n<p>Doppio appuntamento a Oristano, il 31 ottobre, con Gianmaria Testa: l'artista di Cuneo, uno dei pi\u00f9 apprezzati e conosciuti cantautori italiani, \u00e8 atteso nella citt\u00e0 di Eleonora da due diversi impegni proposti dall'associazione Dromos nella giornata inaugurale di Oristano Letture\/Visioni, il festival diretto dallo scrittore Aldo Tanchis, in programma fino a febbraio.<\/p>\n<p>Nel pomeriggio, alle 18.30 alla Biblioteca Comunale, Gianmaria Testa (insieme proprio ad Aldo Tanchis) presenta \"Ventimila leghe (in fondo al mare)\", il suo libro per bambini, illustrato da Marco Lorenzetti e accompagnato da un Cd musicale, pubblicato in primavera da Gallucci Editore.<\/p>\n<p>In serata spazio invece alla musica al Teatro Garau: qui, alle 21.30, il cantautore piemontese (classe 1958) propone dal vivo il suo nuovissimo progetto musicale, \"Men at work\", in distribuzione da luned\u00ec 14 ottobre. Composto da un doppio cd live registrato durante la tourn\u00e9e in Germania del febbraio 2012 e da un Dvd con il film del concerto che Gianmaria Testa ha tenuto lo scorso 3 luglio ai cantieri OGR di Torino, il lavoro ripercorre, attraverso 23 canzoni, vent'anni di successi dell'artista piemontese.<\/p>\n<p>Per la presentazione del libro alla Biblioteca Comunale l'ingresso \u00e8 gratuito; a pagamento, invece, per il concerto al Teatro Garau: i biglietti, a 8 euro, si possono acquistare presso l'associazione Dromos, in via Sebastiano Mele 5\/B, a Oristano (tel: 0783 31 04 90), e nei punti vendita del Circuito Box Office Sardegna.<\/p>\n","protected":false},"excerpt":{"rendered":"<p>Alle 18.30 presenta il suo libro &#8220;Ventimila leghe (in fondo al mare)&#8221;,alle 21.30 concerto sulle tracce del suo ultimo disco &#8220;Men at work&#8221;. Doppio appuntamento&#8230;<\/p>\n","protected":false},"author":2,"featured_media":0,"comment_status":"closed","ping_status":"closed","sticky":false,"template":"","format":"standard","meta":[],"categories":[49],"tags":[],"_links":{"self":[{"href":"https:\/\/www.cronacaonline.it\/index.php\/wp-json\/wp\/v2\/posts\/106677"}],"collection":[{"href":"https:\/\/www.cronacaonline.it\/index.php\/wp-json\/wp\/v2\/posts"}],"about":[{"href":"https:\/\/www.cronacaonline.it\/index.php\/wp-json\/wp\/v2\/types\/post"}],"author":[{"embeddable":true,"href":"https:\/\/www.cronacaonline.it\/index.php\/wp-json\/wp\/v2\/users\/2"}],"replies":[{"embeddable":true,"href":"https:\/\/www.cronacaonline.it\/index.php\/wp-json\/wp\/v2\/comments?post=106677"}],"version-history":[{"count":0,"href":"https:\/\/www.cronacaonline.it\/index.php\/wp-json\/wp\/v2\/posts\/106677\/revisions"}],"wp:attachment":[{"href":"https:\/\/www.cronacaonline.it\/index.php\/wp-json\/wp\/v2\/media?parent=106677"}],"wp:term":[{"taxonomy":"category","embeddable":true,"href":"https:\/\/www.cronacaonline.it\/index.php\/wp-json\/wp\/v2\/categories?post=106677"},{"taxonomy":"post_tag","embeddable":true,"href":"https:\/\/www.cronacaonline.it\/index.php\/wp-json\/wp\/v2\/tags?post=106677"}],"curies":[{"name":"wp","href":"https:\/\/api.w.org\/{rel}","templated":true}]}}