{"id":106661,"date":"2013-10-23T17:20:43","date_gmt":"2013-10-23T16:20:43","guid":{"rendered":"http:\/\/www.cronacaonline.it\/public\/content\/index.php\/23\/10\/2013\/pietro-pittalis-quella-del-presidente-regione-e-una-continuita--sarda-e-dazione"},"modified":"2013-10-23T17:20:43","modified_gmt":"2013-10-23T16:20:43","slug":"pietro-pittalis-quella-del-presidente-regione-e-una-continuita-sarda-e-dazione","status":"publish","type":"post","link":"https:\/\/www.cronacaonline.it\/index.php\/2013\/10\/23\/pietro-pittalis-quella-del-presidente-regione-e-una-continuita-sarda-e-dazione\/","title":{"rendered":"Pietro Pittalis: quella del presidente Regione \u00e8 una continuit\u00e0  sarda e d\u2019azione."},"content":{"rendered":"<p>Le dichiarazioni dell\u2019on. Giacomo Sanna sulla nuova continuit\u00e0 territoriale destano non poco stupore. In primo luogo, perch\u00e9, come risaputo, i costi della continuit\u00e0 territoriale sono stati accollati dallo Stato alla Regione dall\u2019accordo Prodi-Soru siglato nella precedente Legislatura.<\/p>\n<p>\u00c8 difficile intravedere un atteggiamento coerente in chi contesta gli effetti di quella stagione politica e poi dichiara il suo sostegno alla candidatura di un esponente come Barracciu, che rappresenta l\u2019anima ortodossa di quel periodo. In secondo luogo, Sanna afferma che i sardisti sarebbero usciti dalla maggioranza anche a causa della scelta relativa alla tariffa unica.<\/p>\n<p>Peccato per\u00f2 che il primo bando, che addirittura prevedeva tale strumento per 12 mesi l\u2019anno, venne varato un anno prima dello strappo di Sanna e durante il mandato di un assessore ai Trasporti sardista.&nbsp; In terzo luogo, \u00e8 sufficiente una semplice ed approssimativa stima per comprendere come quella varata sia una continuit\u00e0 che va veramente a beneficio dei sardi.<\/p>\n<p>Suggeriamo di compiere le seguenti operazioni: anzitutto dividere la spesa sostenuta per il numero dei passeggeri. Si propone poi di controllare i dati relativi alla spesa media di ogni turista. Se ogni turista spende, escluso il trasporto, una media di 100 euro al giorno e si trattiene per circa 6 giorni, \u00e8 sufficiente una moltiplicazione per il numero dei visitatori per avere una chiara idea di quale grande iniezione benefica deriverebbe alle imprese e all\u2019occupazione grazie alla continuit\u00e0 varata dal presidente Cappellacci. <\/p>\n<p>In pi\u00f9, calcolando su tale cifra quanto rientrerebbe alla Regione in termini di tasse, appare evidente anche che alla fine del giro ci possiamo perfino rifare della spesa sostenuta. Questa \u00e8 una continuit\u00e0 che produce benefici non solo per la \u201cplatea\u201d di chi prende l\u2019aereo, ma per tutti: per i territori, per le imprese e per i lavoratori. Non sono forse sardi? Quella varata da Cappellacci \u2013 conclude Pittalis- \u00e8 una continuit\u00e0 sarda e d\u2019azione\u201d.Com<\/p>\n","protected":false},"excerpt":{"rendered":"<p>Le dichiarazioni dell\u2019on. Giacomo Sanna sulla nuova continuit\u00e0 territoriale destano non poco stupore. In primo luogo, perch\u00e9, come risaputo, i costi della continuit\u00e0 territoriale sono&#8230;<\/p>\n","protected":false},"author":2,"featured_media":0,"comment_status":"closed","ping_status":"closed","sticky":false,"template":"","format":"standard","meta":[],"categories":[49],"tags":[],"_links":{"self":[{"href":"https:\/\/www.cronacaonline.it\/index.php\/wp-json\/wp\/v2\/posts\/106661"}],"collection":[{"href":"https:\/\/www.cronacaonline.it\/index.php\/wp-json\/wp\/v2\/posts"}],"about":[{"href":"https:\/\/www.cronacaonline.it\/index.php\/wp-json\/wp\/v2\/types\/post"}],"author":[{"embeddable":true,"href":"https:\/\/www.cronacaonline.it\/index.php\/wp-json\/wp\/v2\/users\/2"}],"replies":[{"embeddable":true,"href":"https:\/\/www.cronacaonline.it\/index.php\/wp-json\/wp\/v2\/comments?post=106661"}],"version-history":[{"count":0,"href":"https:\/\/www.cronacaonline.it\/index.php\/wp-json\/wp\/v2\/posts\/106661\/revisions"}],"wp:attachment":[{"href":"https:\/\/www.cronacaonline.it\/index.php\/wp-json\/wp\/v2\/media?parent=106661"}],"wp:term":[{"taxonomy":"category","embeddable":true,"href":"https:\/\/www.cronacaonline.it\/index.php\/wp-json\/wp\/v2\/categories?post=106661"},{"taxonomy":"post_tag","embeddable":true,"href":"https:\/\/www.cronacaonline.it\/index.php\/wp-json\/wp\/v2\/tags?post=106661"}],"curies":[{"name":"wp","href":"https:\/\/api.w.org\/{rel}","templated":true}]}}