{"id":106626,"date":"2013-10-23T17:20:43","date_gmt":"2013-10-23T16:20:43","guid":{"rendered":"http:\/\/www.cronacaonline.it\/public\/content\/index.php\/23\/10\/2013\/aerei--presidente-regione-sardegna-con-nuove-tariffe-sardegna-accessibile-e-ricadute-importanti-per-imprese-e-lavoro"},"modified":"2013-10-23T17:20:43","modified_gmt":"2013-10-23T16:20:43","slug":"aerei-presidente-regione-sardegna-con-nuove-tariffe-sardegna-accessibile-e-ricadute-importanti-per-imprese-e-lavoro","status":"publish","type":"post","link":"https:\/\/www.cronacaonline.it\/index.php\/2013\/10\/23\/aerei-presidente-regione-sardegna-con-nuove-tariffe-sardegna-accessibile-e-ricadute-importanti-per-imprese-e-lavoro\/","title":{"rendered":"Aerei \u2013 Presidente Regione Sardegna, con nuove tariffe Sardegna accessibile e ricadute importanti per imprese e lavoro"},"content":{"rendered":"<p>\u201cCon le nuove tariffe aeree la Sardegna diventa pi\u00f9 accessibile\u201d. Lo ha dichiarato il presidente Ugo Cappellacci, illustrando stamane in una conferenza stampa le nuove tariffe dei collegamenti da e per la Sardegna disponibili sui siti WEB delle compagnie aeree. \u201cNon solo abbiamo messo al riparo il diritto alla mobilit\u00e0 dei sardi - ha osservato il presidente -, ma con la tariffa unica abbiamo gettato le basi per incrementare anche il numero dei non residenti che per nove mesi l\u2019anno potranno contare sui medesimi prezzi, non pi\u00f9 esposti ad oscillazioni che raggiungevano perfino i 400 euro per tratta. In questo modo abbiamo inoltre finalmente aperto la continuit\u00e0 ai nostri emigrati.&nbsp; E\u2019 pertanto una continuit\u00e0 che va a beneficio non solo dei viaggiatori, ma anche dei nostri territori\".<\/p>\n<p>\"Abbiamo creduto in questa nuova formula - ha aggiunto - perch\u00e9 \u00e8 idonea ad attrarre visitatori, con ricadute per impresa e lavoro, che vanno al di l\u00e0 del settore turistico\". Il presidente della Regione \u00e8 ritornato anche sul tema delle frequenze: \u201cMentre prima l\u2019aumento dei voli era subordinato a calcoli che venivano compiuti a consuntivo, e quindi quando non era pi\u00f9 utile, oggi invece il meccanismo si attiva al momento delle prenotazioni.<\/p>\n<p>All\u2019aumentare della domanda scatta automaticamente, senza oneri aggiuntivi, il numero dei voli. Abbiamo abbattuto un muro - ha concluso il presidente - e costruito uno dei ponti che pu\u00f2 aiutarci a superare la condizione di insularit\u00e0\u201d.<\/p>\n<p>\u201cUna nuova opportunit\u00e0 per tutta la Sardegna, per i sardi e le imprese isolane e anche per i nostri visitatori\". Cos\u00ec l\u2019assessore del Turismo Luigi Crisponi ha sottolineato le opportunit\u00e0 che potranno venire dalla nuova continuit\u00e0 aerea che, per altro, prende avvio al termine di una stagione record per quanto riguarda il traffico aereo sui cieli sardi. Dal 1\u00b0 gennaio al 30 settembre i passeggeri in transito negli scali di Alghero, Cagliari e Olbia sono stati 5 milioni e 900 mila, cifra mai raggiunta in passato. In proiezione a fine anno dovrebbe essere superata quota 7 milioni e 100 mila.<\/p>\n<p>Quanto al numero dei passeggeri nei singoli scali da gennaio a settembre, tutte cifre in aumento rispetto agli anni scorsi: a Cagliari hanno volato 2.860.721 persone, a Olbia 1.755.070 e ad Alghero 1.286.077. \u201cI numeri sul trasporto aereo&nbsp; - ha aggiunto Crisponi - sono specchio fedele di una stagione turistica di confortante ripresa di presenze nelle strutture ricettive isolane. Anche la tendenza di ottobre \u00e8 molto positiva, accompagnata da condizioni climatiche particolarmente favorevoli\u201d.<\/p>\n<p>Con la nuova continuit\u00e0 parte anche la campagna promozionale di supporto: \u2018\u00c8 pi\u00f9 che mai tempo di volare in Sardegna\u2019. Una comunicazione istituzionale incentrata sul rafforzamento degli aspetti identitari \u2013 culturali della Sardegna. Le pagine promozionali saranno pubblicate sui principali quotidiani e settimanali nazionali. Com<\/p>\n","protected":false},"excerpt":{"rendered":"<p>\u201cCon le nuove tariffe aeree la Sardegna diventa pi\u00f9 accessibile\u201d. Lo ha dichiarato il presidente Ugo Cappellacci, illustrando stamane in una conferenza stampa le nuove&#8230;<\/p>\n","protected":false},"author":2,"featured_media":0,"comment_status":"closed","ping_status":"closed","sticky":false,"template":"","format":"standard","meta":[],"categories":[49],"tags":[],"_links":{"self":[{"href":"https:\/\/www.cronacaonline.it\/index.php\/wp-json\/wp\/v2\/posts\/106626"}],"collection":[{"href":"https:\/\/www.cronacaonline.it\/index.php\/wp-json\/wp\/v2\/posts"}],"about":[{"href":"https:\/\/www.cronacaonline.it\/index.php\/wp-json\/wp\/v2\/types\/post"}],"author":[{"embeddable":true,"href":"https:\/\/www.cronacaonline.it\/index.php\/wp-json\/wp\/v2\/users\/2"}],"replies":[{"embeddable":true,"href":"https:\/\/www.cronacaonline.it\/index.php\/wp-json\/wp\/v2\/comments?post=106626"}],"version-history":[{"count":0,"href":"https:\/\/www.cronacaonline.it\/index.php\/wp-json\/wp\/v2\/posts\/106626\/revisions"}],"wp:attachment":[{"href":"https:\/\/www.cronacaonline.it\/index.php\/wp-json\/wp\/v2\/media?parent=106626"}],"wp:term":[{"taxonomy":"category","embeddable":true,"href":"https:\/\/www.cronacaonline.it\/index.php\/wp-json\/wp\/v2\/categories?post=106626"},{"taxonomy":"post_tag","embeddable":true,"href":"https:\/\/www.cronacaonline.it\/index.php\/wp-json\/wp\/v2\/tags?post=106626"}],"curies":[{"name":"wp","href":"https:\/\/api.w.org\/{rel}","templated":true}]}}