{"id":106602,"date":"2013-10-22T17:20:43","date_gmt":"2013-10-22T16:20:43","guid":{"rendered":"http:\/\/www.cronacaonline.it\/public\/content\/index.php\/22\/10\/2013\/taglio-dellirap-cossa-riformatori-bene-il-passo-indietro-del-governo"},"modified":"2013-10-22T17:20:43","modified_gmt":"2013-10-22T16:20:43","slug":"taglio-dellirap-cossa-riformatori-bene-il-passo-indietro-del-governo","status":"publish","type":"post","link":"https:\/\/www.cronacaonline.it\/index.php\/2013\/10\/22\/taglio-dellirap-cossa-riformatori-bene-il-passo-indietro-del-governo\/","title":{"rendered":"Taglio dell&#8217;Irap, Cossa (Riformatori): &#8220;Bene il passo indietro del governo"},"content":{"rendered":"<p>\"Il passo indietro del governo che ripristiner\u00e0 la modifica dell'articolo 10 dello Statuto, consentendo cos\u00ec alla Regione di poter ridurre le tasse \u00e8 decisamente una buona notizia. La nostra politica di riduzione delle imposte a carico dei sardi \u00e8 uno dei principali punti su cui si fonda la ricostruzione della nostra Isola e il rilancio della sua economia\".<\/p>\n<p>Lo dice il coordinatore regionale dei Riformatori sardi, Michele Cossa, commentando le dichiarazioni del vice premier Alfano e del ministro Delrio.<\/p>\n<p>\"Certo, lasciano l'amaro in bocca e&nbsp; stupiscono l'atteggiamento e le parole di alcuni esponenti della politica sarda - dice ancora Cossa - che, anzich\u00e9 unirsi all'indignazione e alla protesta, hanno preferito la logica del \"tanto peggio tanto meglio\", quasi felicitandosi per lo sgambetto e la grave scorrettezza del governo. Come al solito alcune forze politiche pensano al loro piccolo orticello anzich\u00e9 far prevalere l'interesse della Sardegna\".<\/p>\n","protected":false},"excerpt":{"rendered":"<p>&#8220;Il passo indietro del governo che ripristiner\u00e0 la modifica dell&#8217;articolo 10 dello Statuto, consentendo cos\u00ec alla Regione di poter ridurre le tasse \u00e8 decisamente una&#8230;<\/p>\n","protected":false},"author":2,"featured_media":0,"comment_status":"closed","ping_status":"closed","sticky":false,"template":"","format":"standard","meta":[],"categories":[49],"tags":[],"_links":{"self":[{"href":"https:\/\/www.cronacaonline.it\/index.php\/wp-json\/wp\/v2\/posts\/106602"}],"collection":[{"href":"https:\/\/www.cronacaonline.it\/index.php\/wp-json\/wp\/v2\/posts"}],"about":[{"href":"https:\/\/www.cronacaonline.it\/index.php\/wp-json\/wp\/v2\/types\/post"}],"author":[{"embeddable":true,"href":"https:\/\/www.cronacaonline.it\/index.php\/wp-json\/wp\/v2\/users\/2"}],"replies":[{"embeddable":true,"href":"https:\/\/www.cronacaonline.it\/index.php\/wp-json\/wp\/v2\/comments?post=106602"}],"version-history":[{"count":0,"href":"https:\/\/www.cronacaonline.it\/index.php\/wp-json\/wp\/v2\/posts\/106602\/revisions"}],"wp:attachment":[{"href":"https:\/\/www.cronacaonline.it\/index.php\/wp-json\/wp\/v2\/media?parent=106602"}],"wp:term":[{"taxonomy":"category","embeddable":true,"href":"https:\/\/www.cronacaonline.it\/index.php\/wp-json\/wp\/v2\/categories?post=106602"},{"taxonomy":"post_tag","embeddable":true,"href":"https:\/\/www.cronacaonline.it\/index.php\/wp-json\/wp\/v2\/tags?post=106602"}],"curies":[{"name":"wp","href":"https:\/\/api.w.org\/{rel}","templated":true}]}}