{"id":106582,"date":"2013-10-24T17:20:43","date_gmt":"2013-10-24T16:20:43","guid":{"rendered":"http:\/\/www.cronacaonline.it\/public\/content\/index.php\/24\/10\/2013\/accessit-da-borutta-a-torralba-tre-giorni-dedicati-a-valorizzazione-dei-territori"},"modified":"2013-10-24T17:20:43","modified_gmt":"2013-10-24T16:20:43","slug":"accessit-da-borutta-a-torralba-tre-giorni-dedicati-a-valorizzazione-dei-territori","status":"publish","type":"post","link":"https:\/\/www.cronacaonline.it\/index.php\/2013\/10\/24\/accessit-da-borutta-a-torralba-tre-giorni-dedicati-a-valorizzazione-dei-territori\/","title":{"rendered":"Accessit: da Borutta a Torralba tre giorni dedicati a &#8216;Valorizzazione dei territori&#8217;"},"content":{"rendered":"<p>\u201cI Beni Culturali verso Europa 2020: accessibilit\u00e0 e valorizzazione dei territori\u201d. \u00c8 stato questo il titolo dell\u2019evento transfrontaliero, inserito nell\u2019ambito del Progetto Accessit, che si \u00e8 chiuso&nbsp;<A href=\"javascript:mails_addtocal(1,%22oggi%22);\"><FONT color=#0000ff>oggi<\/FONT><\/A>&nbsp;a Torralba e che per tre giorni ha fatto tappa anche Borutta e Bonorva. La manifestazione, promossa dalla Direzione Generale dell\u2019assessorato regionale dell\u2019Urbanistica, si \u00e8 inserita anche nel ciclo di eventi transfrontalieri in rete previsti dal Piano Metodologico Congiunto di Accessit.<\/p>\n<p>\"Questa iniziativa ha rappresentato un momento fondamentale per la condivisione di azioni mirate allo sviluppo territoriale attraverso progetti cos\u00ec importanti per le comunit\u00e0 locali ed \u00e8 stata l\u2019occasione per coinvolgere attivamente i diversi portatori di interesse sensibilizzando i territori coinvolti sul tema della valorizzazione dei beni culturali, anche in vista della Programmazione Comunitaria 2014-2020\u201d, ha commentato l\u2019assessore regionale degli Enti Locali, Finanze e Urbanistica, Nicola Rassu.<\/p>\n<p>I lavori della prima giornata si sono aperti con gli incontri tecnici dei sottoprogetti e delle azioni di sistema e con i lavori del Comitato di pilotaggio del progetto. Spazio anche al convegno dedicato alla condivisione e confronto sui risultati finora raggiunti dai laboratori e agli interventi dei rappresentanti delle quattro regioni che hanno aderito al progetto, Sardegna, Corsica, Liguria e Toscana. I lavori e gli interventi dei relatori si sono focalizzati in particolare su \u201cAccessibilit\u00e0 dei Beni Culturali e marketing turistico: esperienze dai territori\u201d e su \u201cBeni Culturali nella Programmazione Comunitaria 2014-2020\u201d.<\/p>\n<p>I lavori delle altre due giornate a Torralba si sono concentrati sull\u2019attivazione e riflessione del tema dell\u2019accessibilit\u00e0 dei beni culturali, che ha incluso nella discussione punti di vista differenti sul tema e anche attori esterni al partenariato di progetto. Durante l\u2019evento di Torralba i partecipanti si sono mossi scegliendo, in completa autonomia, come contribuire ai lavori. La giornata \u00e8 stata infatti gestita attraverso la metodologia dell\u2019Open Space Technology (OST) o Spazio aperto di discussione, e sono stati proprio i partecipanti a proporre i temi e gli argomenti che sono stati trattati durante i gruppi di lavoro.<\/p>\n<p>Nel corso di tutte e tre le giornate, infine, sono andate in scena visite culturali nel territorio della Valle dei Nuraghi e in particolare nei siti di interesse presso Sant'Andrea Priu a Bonorva, Santu Antine a Torralba e San Pietro di Sorres a Borutta.<\/p>\n<p>Il progetto strategico Accessit, pi\u00f9 in generale, finanziato all\u2019interno del secondo bando del \u2018P.O. Marittimo Italia-Francia 2007-2013\u2019 e che ha come capofila la Collettivit\u00e8 di Corsica, risulta articolato nei sottoprogetti \u201cA-Archeologia\u201d, \u201cB- Valorizzazione dei patrimoni Comuni\u201d, nell\u2019azione pilota \u201cCantieri Sperimentali\u201d e nell\u2019azione di sistema \u201cLaboratori per la valorizzazione del patrimonio culturale e dell\u2019identit\u00e0\u201d che vede la Direzione della pianificazione urbanistica e Territoriale della Regione Sardegna come responsabile.<\/p>\n<p>Accessit inoltre, mira alla creazione e allo sviluppo di una strategia integrata di gestione, conservazione e valorizzazione del patrimonio culturale e identitario attraverso l\u2019identificazione, la progettazione e la promozione di itinerari trasfrontalieri in grado anche di integrare l\u2019azione generale di valorizzazione del patrimonio materiale e immateriale dello spazio \u201cmarittimo\u201d attraverso una gestione integrata delle risorse comuni della rete transfrontaliera.&nbsp; <\/p>\n","protected":false},"excerpt":{"rendered":"<p>\u201cI Beni Culturali verso Europa 2020: accessibilit\u00e0 e valorizzazione dei territori\u201d. \u00c8 stato questo il titolo dell\u2019evento transfrontaliero, inserito nell\u2019ambito del Progetto Accessit, che si&#8230;<\/p>\n","protected":false},"author":2,"featured_media":0,"comment_status":"closed","ping_status":"closed","sticky":false,"template":"","format":"standard","meta":[],"categories":[49],"tags":[],"_links":{"self":[{"href":"https:\/\/www.cronacaonline.it\/index.php\/wp-json\/wp\/v2\/posts\/106582"}],"collection":[{"href":"https:\/\/www.cronacaonline.it\/index.php\/wp-json\/wp\/v2\/posts"}],"about":[{"href":"https:\/\/www.cronacaonline.it\/index.php\/wp-json\/wp\/v2\/types\/post"}],"author":[{"embeddable":true,"href":"https:\/\/www.cronacaonline.it\/index.php\/wp-json\/wp\/v2\/users\/2"}],"replies":[{"embeddable":true,"href":"https:\/\/www.cronacaonline.it\/index.php\/wp-json\/wp\/v2\/comments?post=106582"}],"version-history":[{"count":0,"href":"https:\/\/www.cronacaonline.it\/index.php\/wp-json\/wp\/v2\/posts\/106582\/revisions"}],"wp:attachment":[{"href":"https:\/\/www.cronacaonline.it\/index.php\/wp-json\/wp\/v2\/media?parent=106582"}],"wp:term":[{"taxonomy":"category","embeddable":true,"href":"https:\/\/www.cronacaonline.it\/index.php\/wp-json\/wp\/v2\/categories?post=106582"},{"taxonomy":"post_tag","embeddable":true,"href":"https:\/\/www.cronacaonline.it\/index.php\/wp-json\/wp\/v2\/tags?post=106582"}],"curies":[{"name":"wp","href":"https:\/\/api.w.org\/{rel}","templated":true}]}}