{"id":106539,"date":"2013-10-23T17:20:43","date_gmt":"2013-10-23T16:20:43","guid":{"rendered":"http:\/\/www.cronacaonline.it\/public\/content\/index.php\/23\/10\/2013\/messo-sotto-sequestro-dai-carabinieri-stabilimento-lido-titanic-di-platamona"},"modified":"2013-10-23T17:20:43","modified_gmt":"2013-10-23T16:20:43","slug":"messo-sotto-sequestro-dai-carabinieri-stabilimento-lido-titanic-di-platamona","status":"publish","type":"post","link":"https:\/\/www.cronacaonline.it\/index.php\/2013\/10\/23\/messo-sotto-sequestro-dai-carabinieri-stabilimento-lido-titanic-di-platamona\/","title":{"rendered":"Messo sotto sequestro dai carabinieri stabilimento \u201cLido Titanic\u201d di Platamona."},"content":{"rendered":"<p>Ieri mattina, a \u201cPlatamona\u201d l\u2019equipaggio dei Carabinieri della Motovedetta CC815 \u201cPrincipato\u201d, nell\u2019ambito dei controlli preventivi e repressivi disposti dal Comando Provinciale dei Carabinieri di Sassari per il controllo del rispetto delle norme che regolano la fruizione del demanio marittimo, hanno dato esecuzione ad un decreto di sequestro preventivo mettendo i sigilli allo stabilimento ed all\u2019intera struttura \u201clido Titanic\u201d.<\/p>\n<p>Il provvedimento, proposto dal PM, Elisa Loris ed emesso dal GIP di Sassari, Spano, \u00e8 stato eseguito dai militari della Compagnia CC di Porto Torres e notificato al gestore del \u201cTitanic\u201d, D.C. il quale oltre a vedersi i sigilli al suo esercizio commerciale, che difetta di tutte le autorizzazioni e concessioni demaniali ed edilizie, dovr\u00e0 rispondere alla Procura della Repubblica di Sassari dei reati di \u201cabusiva occupazione e nuove opere su demanio marittimo\u201d previsti dal Codice della navigazione, considerato che per tutta la trascorsa estate ha esercitato l\u2019attivit\u00e0 tipica \u201cda spiaggia\u201d senza per\u00f2 averne titolo. Il lido, dopo il sequestro \u00e8 stato affidato allo stesso gestore che non potr\u00e0 utilizzarlo e qualora non ottemperasse a tale disposizione incorrer\u00e0 nelle sanzioni previste dal codice penale per la violazione dei sigilli.<\/p>\n","protected":false},"excerpt":{"rendered":"<p>Ieri mattina, a \u201cPlatamona\u201d l\u2019equipaggio dei Carabinieri della Motovedetta CC815 \u201cPrincipato\u201d, nell\u2019ambito dei controlli preventivi e repressivi disposti dal Comando Provinciale dei Carabinieri di Sassari&#8230;<\/p>\n","protected":false},"author":2,"featured_media":0,"comment_status":"closed","ping_status":"closed","sticky":false,"template":"","format":"standard","meta":[],"categories":[49],"tags":[],"_links":{"self":[{"href":"https:\/\/www.cronacaonline.it\/index.php\/wp-json\/wp\/v2\/posts\/106539"}],"collection":[{"href":"https:\/\/www.cronacaonline.it\/index.php\/wp-json\/wp\/v2\/posts"}],"about":[{"href":"https:\/\/www.cronacaonline.it\/index.php\/wp-json\/wp\/v2\/types\/post"}],"author":[{"embeddable":true,"href":"https:\/\/www.cronacaonline.it\/index.php\/wp-json\/wp\/v2\/users\/2"}],"replies":[{"embeddable":true,"href":"https:\/\/www.cronacaonline.it\/index.php\/wp-json\/wp\/v2\/comments?post=106539"}],"version-history":[{"count":0,"href":"https:\/\/www.cronacaonline.it\/index.php\/wp-json\/wp\/v2\/posts\/106539\/revisions"}],"wp:attachment":[{"href":"https:\/\/www.cronacaonline.it\/index.php\/wp-json\/wp\/v2\/media?parent=106539"}],"wp:term":[{"taxonomy":"category","embeddable":true,"href":"https:\/\/www.cronacaonline.it\/index.php\/wp-json\/wp\/v2\/categories?post=106539"},{"taxonomy":"post_tag","embeddable":true,"href":"https:\/\/www.cronacaonline.it\/index.php\/wp-json\/wp\/v2\/tags?post=106539"}],"curies":[{"name":"wp","href":"https:\/\/api.w.org\/{rel}","templated":true}]}}