{"id":106516,"date":"2013-10-23T17:20:43","date_gmt":"2013-10-23T16:20:43","guid":{"rendered":"http:\/\/www.cronacaonline.it\/public\/content\/index.php\/23\/10\/2013\/internazionalizzazione---missione-imprenditori-sardi-e-dg-presidenza-regione-in-marocco"},"modified":"2013-10-23T17:20:43","modified_gmt":"2013-10-23T16:20:43","slug":"internazionalizzazione-missione-imprenditori-sardi-e-dg-presidenza-regione-in-marocco","status":"publish","type":"post","link":"https:\/\/www.cronacaonline.it\/index.php\/2013\/10\/23\/internazionalizzazione-missione-imprenditori-sardi-e-dg-presidenza-regione-in-marocco\/","title":{"rendered":"Internazionalizzazione &#8211; Missione imprenditori sardi e dg presidenza regione in Marocco"},"content":{"rendered":"<p>Ha preso avvio la missione imprenditoriale a Casablanca, promossa dalla Direzione Generale della Presidenza, con l\u2019obiettivo di favorire i processi di internazionalizzazione per le imprese sarde attive nei settori acqua, suolo, rifiuti, aria, pianificazione territoriale e edilizia sostenibile.<\/p>\n<p>La missione, guidata dal Direttore Generale Gabriella Massidda, \u00e8 stata organizzata in occasione della Fiera Pollutec Maroc 2013, V\u00b0 edizione del salone pi\u00f9 importante per il nord Africa dedicato alle tecnologie per le energie rinnovabili e la protezione ambientale, inaugurata oggi dal&nbsp; Ministro dell\u2019Ambiente marocchino, signora Hakima El Hiti, e dal Console Generale d\u2019Italia a Casablanca, Alessandro Ferranti.<\/p>\n<p>La Direzione Generale ha favorito la partecipazione di nove imprese sarde, che hanno manifestato il proprio interesse, organizzando delle visite con focus tematici nella zona industriale di Ain Sebaa a Casablanca e presso la zona delle concerie di Fes e mettendole in contatto, attraverso degli incontri \u201cb2b\u201d, con le aziende marocchine per scambi di know-how.<\/p>\n<p>Il Direttore Generale ha, inoltre, esaminato col Ministro dell\u2019Ambiente marocchino e il Console d'Italia Ferranti sulle opportunit\u00e0 in Marocco per il mondo imprenditoriale sardo in settori di primaria importanza per la Sardegna e il Marocco (turismo, energie e trasporti).<\/p>\n<p>Col dott. Ferranti \u00e8 stato fatto il punto sulle future collaborazioni economico\/commerciali anche alla luce dell\u2019imminente inaugurazione, presso il Consolato Generale, di uno spazio dedicato al Sistema Italia, nel quale saranno ospitati l\u2019Ufficio ICE di Casablanca e le rappresentanze degli altri attori istituzionali attivi in Marocco nel settore della promozione economico-commerciale e degli investimenti.<\/p>\n<p>Particolare attenzione \u00e8 stata dedicata poi alla promozione del brand Sardegna in chiave turistica e alla opportunit\u00e0 di promuovere collegamenti diretti tra la Sardegna, sempre pi\u00f9 interessata alla sponda sud del Mediterraneo, e il Marocco. Com<BR><\/p>\n","protected":false},"excerpt":{"rendered":"<p>Ha preso avvio la missione imprenditoriale a Casablanca, promossa dalla Direzione Generale della Presidenza, con l\u2019obiettivo di favorire i processi di internazionalizzazione per le imprese&#8230;<\/p>\n","protected":false},"author":2,"featured_media":0,"comment_status":"closed","ping_status":"closed","sticky":false,"template":"","format":"standard","meta":[],"categories":[49],"tags":[],"_links":{"self":[{"href":"https:\/\/www.cronacaonline.it\/index.php\/wp-json\/wp\/v2\/posts\/106516"}],"collection":[{"href":"https:\/\/www.cronacaonline.it\/index.php\/wp-json\/wp\/v2\/posts"}],"about":[{"href":"https:\/\/www.cronacaonline.it\/index.php\/wp-json\/wp\/v2\/types\/post"}],"author":[{"embeddable":true,"href":"https:\/\/www.cronacaonline.it\/index.php\/wp-json\/wp\/v2\/users\/2"}],"replies":[{"embeddable":true,"href":"https:\/\/www.cronacaonline.it\/index.php\/wp-json\/wp\/v2\/comments?post=106516"}],"version-history":[{"count":0,"href":"https:\/\/www.cronacaonline.it\/index.php\/wp-json\/wp\/v2\/posts\/106516\/revisions"}],"wp:attachment":[{"href":"https:\/\/www.cronacaonline.it\/index.php\/wp-json\/wp\/v2\/media?parent=106516"}],"wp:term":[{"taxonomy":"category","embeddable":true,"href":"https:\/\/www.cronacaonline.it\/index.php\/wp-json\/wp\/v2\/categories?post=106516"},{"taxonomy":"post_tag","embeddable":true,"href":"https:\/\/www.cronacaonline.it\/index.php\/wp-json\/wp\/v2\/tags?post=106516"}],"curies":[{"name":"wp","href":"https:\/\/api.w.org\/{rel}","templated":true}]}}