{"id":106453,"date":"2013-10-15T17:20:43","date_gmt":"2013-10-15T16:20:43","guid":{"rendered":"http:\/\/www.cronacaonline.it\/public\/content\/index.php\/15\/10\/2013\/pregiudicato-di-capoterra-arrestato-dai-carabinieri-per-detenzione-ai-fini-di-spaccio-di-stupefacenti"},"modified":"2013-10-15T17:20:43","modified_gmt":"2013-10-15T16:20:43","slug":"pregiudicato-di-capoterra-arrestato-dai-carabinieri-per-detenzione-ai-fini-di-spaccio-di-stupefacenti","status":"publish","type":"post","link":"https:\/\/www.cronacaonline.it\/index.php\/2013\/10\/15\/pregiudicato-di-capoterra-arrestato-dai-carabinieri-per-detenzione-ai-fini-di-spaccio-di-stupefacenti\/","title":{"rendered":"Pregiudicato di Capoterra arrestato dai carabinieri per detenzione ai fini di spaccio di stupefacenti."},"content":{"rendered":"<p>I carabinieri della Stazione di Capoterra (Ca) hanno&nbsp; arrestato per detenzione ai fini di spaccio di sostanze stupefacenti, Stefano Cattide, 26 anni del luogo, disoccupato.<\/p>\n<p>I militari, al termine del servizio di osservazione che evidenziava l\u2019azione di spaccio del pregiudicato, sono intervenuti e bloccato. Quindi lo hanno perquisito e poi trovato in possesso di 23,4 grammi di hashish e 115 euro banconote di vario taglio, provento dell\u2019attivit\u00e0 illecita.<\/p>\n<p>L\u2019uomo \u00e8 stato quindi dichiarato in arresto e dopo le formalit\u00e0 di rito, \u00e8 stato accompagnato nella sua abitazione dove rimarr\u00e0 in regime di arresti domiciliari in attesa del&nbsp; rito direttissimo.<\/p>\n","protected":false},"excerpt":{"rendered":"<p>I carabinieri della Stazione di Capoterra (Ca) hanno&nbsp; arrestato per detenzione ai fini di spaccio di sostanze stupefacenti, Stefano Cattide, 26 anni del luogo, disoccupato.&#8230;<\/p>\n","protected":false},"author":2,"featured_media":0,"comment_status":"closed","ping_status":"closed","sticky":false,"template":"","format":"standard","meta":[],"categories":[49],"tags":[],"_links":{"self":[{"href":"https:\/\/www.cronacaonline.it\/index.php\/wp-json\/wp\/v2\/posts\/106453"}],"collection":[{"href":"https:\/\/www.cronacaonline.it\/index.php\/wp-json\/wp\/v2\/posts"}],"about":[{"href":"https:\/\/www.cronacaonline.it\/index.php\/wp-json\/wp\/v2\/types\/post"}],"author":[{"embeddable":true,"href":"https:\/\/www.cronacaonline.it\/index.php\/wp-json\/wp\/v2\/users\/2"}],"replies":[{"embeddable":true,"href":"https:\/\/www.cronacaonline.it\/index.php\/wp-json\/wp\/v2\/comments?post=106453"}],"version-history":[{"count":0,"href":"https:\/\/www.cronacaonline.it\/index.php\/wp-json\/wp\/v2\/posts\/106453\/revisions"}],"wp:attachment":[{"href":"https:\/\/www.cronacaonline.it\/index.php\/wp-json\/wp\/v2\/media?parent=106453"}],"wp:term":[{"taxonomy":"category","embeddable":true,"href":"https:\/\/www.cronacaonline.it\/index.php\/wp-json\/wp\/v2\/categories?post=106453"},{"taxonomy":"post_tag","embeddable":true,"href":"https:\/\/www.cronacaonline.it\/index.php\/wp-json\/wp\/v2\/tags?post=106453"}],"curies":[{"name":"wp","href":"https:\/\/api.w.org\/{rel}","templated":true}]}}