{"id":106417,"date":"2013-10-22T17:20:43","date_gmt":"2013-10-22T16:20:43","guid":{"rendered":"http:\/\/www.cronacaonline.it\/public\/content\/index.php\/22\/10\/2013\/premi-alle-cantine-sarde-soddisfazione-dellassessore-cherchi"},"modified":"2013-10-22T17:20:43","modified_gmt":"2013-10-22T16:20:43","slug":"premi-alle-cantine-sarde-soddisfazione-dellassessore-cherchi","status":"publish","type":"post","link":"https:\/\/www.cronacaonline.it\/index.php\/2013\/10\/22\/premi-alle-cantine-sarde-soddisfazione-dellassessore-cherchi\/","title":{"rendered":"Premi alle cantine sarde. Soddisfazione dell\u2019Assessore Cherchi."},"content":{"rendered":"<p>I recenti successi ottenuti dalle aziende vitivinicole sarde sono stati sottolineati dall\u2019Assessore all\u2019Agricoltura Oscar Cherchi: 'Il prestigioso riconoscimento rappresentato dai \u201cTre Bicchieri Gambero Rosso\u201d conseguito nei giorni scorsi da 13 delle nostre Cantine merita un plauso speciale da parte della Regione, insieme alle mie personali felicitazioni. Si tratta di un risultato eccellente - afferma l'esponente della Giunta regionale - che deve renderci tutti orgogliosi perch\u00e9 testimonia il risultato del lavoro dei tanti operatori, grandi e piccoli, che ogni giorno si impegnano con tenacia in questo comparto altamente competitivo.<\/p>\n<p>Questo successo, inoltre, permetter\u00e0 a tutto il settore un ulteriore balzo in avanti nel lungo percorso che negli anni ha consentito ai vini della Sardegna di essere prima conosciuti, poi apprezzati e richiesti sul mercato nazionale ed internazionale. Congratulazioni, allora, alle Cantine Pala, anche per l\u2019ulteriore, prestigioso premio di \u201cCantina Emergente 2014\u201d, alle Tenute Sella &amp; Mosca, all\u2019Agricola Punica, a Giuseppe Gabbas, a Giuseppe Sedilesu, a Ferruccio Deiana, alla Cantina di Dorgali, alle Tenute Capichera, alla Cantina Sardus Pater, alla Cantina di Santadi, alla Cantina Il Nuraghe di Mogoro, alle Cantine Argiolas e alle Cantine Surrau. Il momento felice dei rappresentanti del nostro patrimonio agroalimentare \u00e8 stato ulteriormente avvalorato dallo storico riconoscimento della \u201cGuida ai Ristoranti d\u2019Italia\u201d al ristorante \u201cS\u2019apposentu di Casa Puddu\u201d che, prima volta per un ristorante sardo, ha ottenuto il giudizio di \u201ctre forchette\u201d a confermarne l\u2019eccellenza.<\/p>\n<p>Questi risultati lusinghieri ci affidano una grande responsabilit\u00e0 e ci spingono ancora di pi\u00f9 verso uno sforzo ulteriore di progetto, professionalit\u00e0, risorse e iniziative attraverso cui rendere concreto il nostro impegno al fianco delle imprese e delle loro attivit\u00e0. L\u2019augurio, per il prossimo futuro, \u00e8 che questi successi possano rinnovarsi e moltiplicarsi nei prossimi anni insieme alla crescita qualitativa e al riscontro commerciale dei prodotti delle nostre aziende'<\/p>\n","protected":false},"excerpt":{"rendered":"<p>I recenti successi ottenuti dalle aziende vitivinicole sarde sono stati sottolineati dall\u2019Assessore all\u2019Agricoltura Oscar Cherchi: &#8216;Il prestigioso riconoscimento rappresentato dai \u201cTre Bicchieri Gambero Rosso\u201d conseguito&#8230;<\/p>\n","protected":false},"author":2,"featured_media":0,"comment_status":"closed","ping_status":"closed","sticky":false,"template":"","format":"standard","meta":[],"categories":[49],"tags":[],"_links":{"self":[{"href":"https:\/\/www.cronacaonline.it\/index.php\/wp-json\/wp\/v2\/posts\/106417"}],"collection":[{"href":"https:\/\/www.cronacaonline.it\/index.php\/wp-json\/wp\/v2\/posts"}],"about":[{"href":"https:\/\/www.cronacaonline.it\/index.php\/wp-json\/wp\/v2\/types\/post"}],"author":[{"embeddable":true,"href":"https:\/\/www.cronacaonline.it\/index.php\/wp-json\/wp\/v2\/users\/2"}],"replies":[{"embeddable":true,"href":"https:\/\/www.cronacaonline.it\/index.php\/wp-json\/wp\/v2\/comments?post=106417"}],"version-history":[{"count":0,"href":"https:\/\/www.cronacaonline.it\/index.php\/wp-json\/wp\/v2\/posts\/106417\/revisions"}],"wp:attachment":[{"href":"https:\/\/www.cronacaonline.it\/index.php\/wp-json\/wp\/v2\/media?parent=106417"}],"wp:term":[{"taxonomy":"category","embeddable":true,"href":"https:\/\/www.cronacaonline.it\/index.php\/wp-json\/wp\/v2\/categories?post=106417"},{"taxonomy":"post_tag","embeddable":true,"href":"https:\/\/www.cronacaonline.it\/index.php\/wp-json\/wp\/v2\/tags?post=106417"}],"curies":[{"name":"wp","href":"https:\/\/api.w.org\/{rel}","templated":true}]}}