{"id":106391,"date":"2013-10-14T17:20:43","date_gmt":"2013-10-14T16:20:43","guid":{"rendered":"http:\/\/www.cronacaonline.it\/public\/content\/index.php\/14\/10\/2013\/sanita-de-francisci-no-a-tagli-fondo-nazionale-ma-sardegna-ha-gia-attuato-risparmi-su-spesa-farmaceutica-e-gare-centralizzate"},"modified":"2013-10-14T17:20:43","modified_gmt":"2013-10-14T16:20:43","slug":"sanita-de-francisci-no-a-tagli-fondo-nazionale-ma-sardegna-ha-gia-attuato-risparmi-su-spesa-farmaceutica-e-gare-centralizzate","status":"publish","type":"post","link":"https:\/\/www.cronacaonline.it\/index.php\/2013\/10\/14\/sanita-de-francisci-no-a-tagli-fondo-nazionale-ma-sardegna-ha-gia-attuato-risparmi-su-spesa-farmaceutica-e-gare-centralizzate\/","title":{"rendered":"Sanit\u00e0: De Francisci: no a tagli fondo nazionale, ma Sardegna ha gi\u00e0 attuato risparmi su spesa farmaceutica e gare centralizzate"},"content":{"rendered":"<p>\u201cNessun nuovo taglio alla sanit\u00e0 sar\u00e0 tollerato, ma se da Roma si dovesse perseguire questa strada la Regione Sardegna \u00e8 gi\u00e0 avanti sulle misure richieste sul fronte dell\u2019ottimizzazione dei costi sanitari, tra cui il contenimento della spesa farmaceutica e le gare centralizzate per l\u2019acquisto dei farmaci\u201d. Lo sottolinea l\u2019assessore regionale della Sanit\u00e0 Simona De Francisci in merito ai paventati tagli del Fondo sanitario nazionale per 3,5 miliardi tra il 2014 e il 2015.<\/p>\n<p>In queste ore il Governo avrebbe infatti allo studio gli interventi che ogni Regione dovr\u00e0 attuare per controbilanciare le riduzioni da apportare al Fondo sanitario: tra questi, i risparmi sulla farmaceutica e le gare uniche (e non pi\u00f9 Asl per Asl) per l\u2019acquisto di medicinali e beni sanitari in genere. \u201cSono assolutamente d\u2019accordo con il ministro della Salute Beatrice Lorenzin sul fatto che depauperare il Fondo nazionale sarebbe deleterio per tutto il sistema sanitario italiano. Meglio invece agire sul Patto per la Salute con un confronto aperto tra ministero e Regioni\u201d, sottolinea De Francisci.<\/p>\n<p>\u201cIn ogni caso, sia sul fronte della spesa farmaceutica, sulle gare centralizzate e la tracciabilit\u00e0 dei farmaci \u2013 ricorda l\u2019assessore De Francisci - gi\u00e0 da due anni la Sardegna ha messo in atto diversi provvedimenti. Si tratta di riduzioni della spesa che per\u00f2 non hanno intaccato i servizi sanitari, anzi migliorandone la qualit\u00e0 generale. Sono i primi concreti risultati del percorso virtuoso intrapreso dalla Giunta Cappellacci, con significativi risparmi (nell\u2019ordine di decine di milioni di euro). Lotta agli sprechi ancora pi\u00f9 efficace se si considera che la nostra Regione (assieme a Provincia di Trento, Marche e Valle D\u2019Aosta), non fa pagare il ticket sulle ricette, che incide sulla spesa lorda tra il 13% e il 15,2%.<\/p>\n<p>Secondo i dati Federfarma relativi all\u2019andamento della spesa netta e del numero delle ricette nel primo semestre 2013 rispetto allo stesso periodo del 2012, con un - 10 per cento la Sardegna \u00e8 la prima Regione in Italia sul fronte dei risparmi. In particolare, gi\u00e0 tra gennaio e luglio 2013, sulla spesa farmaceutica convenzionata, si sono risparmiati 18 milioni di euro, mentre su quella Dpc (distribuzione per conto), i risparmi sono di 7,5 milioni di euro.<\/p>\n<p>A giugno 2013, la Giunta ha approvato una delibera che contiene 6 nuove azioni per contenere e razionalizzare la spesa sanitaria, senza tagli ai servizi per gli utenti. Le misure riguardano l\u2019ottimizzazione dell\u2019utilizzo dei posti letto per acuti; l\u2019ottimizzazione dell\u2019impiego del personale; l\u2019ottimizzazione dell\u2019organizzazione dei servizi; della gestione delle procedure di gara; della qualit\u00e0 dei flussi informativi e la definizione delle procedure per l\u2019approvazione degli atti aziendali.<\/p>\n<p>Al contenimento della spesa farmaceutica territoriale ha inciso anche il recente accordo con Federfarma Sardegna, in vigore dal 1 gennaio 2013, basato su 4 punti e gi\u00e0 raggiunti in questi mesi: estensione dei farmaci da distribuire in per conto (Dpc), cio\u00e8 acquistati dalle Asl ma venduti nelle farmacie di tutta l'Isola; la remunerazione del servizio reso dalla farmacia; il coordinamento del sistema con la partecipazione attiva di tutti i soggetti; la sperimentazione di forme innovative di collaborazione con le farmacie. L'intesa sta portando a un doppio beneficio: al cittadino, che pu\u00f2 continuare a trovare il farmaco sotto casa, e perch\u00e9 consente di risparmiare nella distribuzione della singola scatola, senza per questo arrecare un danno economico alle farmacie che comunque aumentano in volume la propria attivit\u00e0.<\/p>\n<p>I dati evidenziano per il primo trimestre 2013 un risparmio netto di oltre 3 milioni di euro. La distribuzione in nome e per conto si avvale dei medicinali acquistati con la gara regionale portata avanti dalla Asl 1 di Sassari nel 2012 e sta comportando un risparmio anche sugli oneri di dispensazione pari a 1 euro a scatola del farmaco.&nbsp; Com<\/p>\n","protected":false},"excerpt":{"rendered":"<p>\u201cNessun nuovo taglio alla sanit\u00e0 sar\u00e0 tollerato, ma se da Roma si dovesse perseguire questa strada la Regione Sardegna \u00e8 gi\u00e0 avanti sulle misure richieste&#8230;<\/p>\n","protected":false},"author":2,"featured_media":0,"comment_status":"closed","ping_status":"closed","sticky":false,"template":"","format":"standard","meta":[],"categories":[49],"tags":[],"_links":{"self":[{"href":"https:\/\/www.cronacaonline.it\/index.php\/wp-json\/wp\/v2\/posts\/106391"}],"collection":[{"href":"https:\/\/www.cronacaonline.it\/index.php\/wp-json\/wp\/v2\/posts"}],"about":[{"href":"https:\/\/www.cronacaonline.it\/index.php\/wp-json\/wp\/v2\/types\/post"}],"author":[{"embeddable":true,"href":"https:\/\/www.cronacaonline.it\/index.php\/wp-json\/wp\/v2\/users\/2"}],"replies":[{"embeddable":true,"href":"https:\/\/www.cronacaonline.it\/index.php\/wp-json\/wp\/v2\/comments?post=106391"}],"version-history":[{"count":0,"href":"https:\/\/www.cronacaonline.it\/index.php\/wp-json\/wp\/v2\/posts\/106391\/revisions"}],"wp:attachment":[{"href":"https:\/\/www.cronacaonline.it\/index.php\/wp-json\/wp\/v2\/media?parent=106391"}],"wp:term":[{"taxonomy":"category","embeddable":true,"href":"https:\/\/www.cronacaonline.it\/index.php\/wp-json\/wp\/v2\/categories?post=106391"},{"taxonomy":"post_tag","embeddable":true,"href":"https:\/\/www.cronacaonline.it\/index.php\/wp-json\/wp\/v2\/tags?post=106391"}],"curies":[{"name":"wp","href":"https:\/\/api.w.org\/{rel}","templated":true}]}}