{"id":106372,"date":"2013-10-09T17:20:43","date_gmt":"2013-10-09T16:20:43","guid":{"rendered":"http:\/\/www.cronacaonline.it\/public\/content\/index.php\/09\/10\/2013\/cotti-cittadino-m5s---tumori-nati-prematuri-asma-malattie-tiroidee-il-movimento-5-stelle-bussa-alle-porte-della-sanita-sarda"},"modified":"2013-10-09T17:20:43","modified_gmt":"2013-10-09T16:20:43","slug":"cotti-cittadino-m5s-tumori-nati-prematuri-asma-malattie-tiroidee-il-movimento-5-stelle-bussa-alle-porte-della-sanita-sarda","status":"publish","type":"post","link":"https:\/\/www.cronacaonline.it\/index.php\/2013\/10\/09\/cotti-cittadino-m5s-tumori-nati-prematuri-asma-malattie-tiroidee-il-movimento-5-stelle-bussa-alle-porte-della-sanita-sarda\/","title":{"rendered":"Cotti (cittadino M5s) &#8211; Tumori, nati prematuri, asma, malattie tiroidee, il movimento 5 stelle bussa alle porte della sanit\u00e0\u2019 sarda."},"content":{"rendered":"<p>Una richiesta di accesso agli atti per acquisire i dati di esenzione ticket per il periodo 2006\/2013 \u2013 e in relazione ad alcune gravi patologie, come i tumori, l\u2019asma, i nati prematuri, le malattie tiroidee, il Parkinson, l\u2019Alzheimer, il diabete e la tiroidite di Hashimoto \u2013&nbsp; \u00e8 stata inviata a tutte le Aziende Sanitarie Locali (ASL)&nbsp; della Sardegna e a tutti i distretti sanitari&nbsp; afferenti.<\/p>\n<p>Sottoscritta dai senatori del Movimento 5 Stelle Roberto Cotti e Bartolomeo Pepe, la richiesta mira a conseguire una precisa mappatura del territorio con informazioni&nbsp; che verranno interpretate insieme ad altri dati ed eventi accaduti nel territorio in esame.<\/p>\n<p>La divisione del territorio in Asl, ma soprattutto in distretti sanitari, consentir\u00e0 di acquisire informazioni precise su zone ben delimitate di abitanti, da mettere poi in correlazione con alcune note e documentate criticit\u00e0 del territorio (si pensi solo alle popolazioni che insistono in prossimit\u00e0 di agglomerati industriali o di poligoni militari). Infatti, le attivit\u00e0 dei vari distretti sanitari esprimono una realt\u00e0, abbastanza precisa di ci\u00f2 che accade in quella determinata porzione di territorio.&nbsp; <\/p>\n<p>In un momento in cui nella Regione Sardegna si riscontrano inquinamenti e morti di diversi tipi e natura \u2013 ha detto il senatore Roberto cotti \u2013 ci \u00e8 parso opportuno monitorare l\u2019andamento di alcune patologie importanti e di sicura o presumibile responsabilit\u00e0 da parte di inquinanti vari\u201d. <\/p>\n<p>Il primo gradino sar\u00e0 appunto rappresentato dalla raccolta dati, che sar\u00e0 tecnicamente seguita dal Dott. Vincenzo Petrosino, medico chirurgo e referente scientifico del progetto. Petrosino garantir\u00e0 l\u2019omogeneit\u00e0 dei dati, richiesti in forma anonima e divisi per sesso, et\u00e0 e comune di residenza, in modo da assicurare una rilevazione corretta. I risultati cos\u00ec raccolti saranno inoltre oggetto di studio e di comparazione con quelli provenienti da altre regioni\/province e comunque serviranno per controllare l\u2019andamento di alcune patologie in riferimento ai vari distretti sanitari. <\/p>\n<p>\u201cRisulta chiaro che lo studio avr\u00e0 una fondamentale importanza e, seppure non in valori assoluti, fornir\u00e0 una rapida ed efficace fotografia della Regione Sardegna per quanto riguarda alcune gravi patologie\u201d, ha concluso il senatore Cotti. Com<\/p>\n","protected":false},"excerpt":{"rendered":"<p>Una richiesta di accesso agli atti per acquisire i dati di esenzione ticket per il periodo 2006\/2013 \u2013 e in relazione ad alcune gravi patologie,&#8230;<\/p>\n","protected":false},"author":2,"featured_media":0,"comment_status":"closed","ping_status":"closed","sticky":false,"template":"","format":"standard","meta":[],"categories":[49],"tags":[],"_links":{"self":[{"href":"https:\/\/www.cronacaonline.it\/index.php\/wp-json\/wp\/v2\/posts\/106372"}],"collection":[{"href":"https:\/\/www.cronacaonline.it\/index.php\/wp-json\/wp\/v2\/posts"}],"about":[{"href":"https:\/\/www.cronacaonline.it\/index.php\/wp-json\/wp\/v2\/types\/post"}],"author":[{"embeddable":true,"href":"https:\/\/www.cronacaonline.it\/index.php\/wp-json\/wp\/v2\/users\/2"}],"replies":[{"embeddable":true,"href":"https:\/\/www.cronacaonline.it\/index.php\/wp-json\/wp\/v2\/comments?post=106372"}],"version-history":[{"count":0,"href":"https:\/\/www.cronacaonline.it\/index.php\/wp-json\/wp\/v2\/posts\/106372\/revisions"}],"wp:attachment":[{"href":"https:\/\/www.cronacaonline.it\/index.php\/wp-json\/wp\/v2\/media?parent=106372"}],"wp:term":[{"taxonomy":"category","embeddable":true,"href":"https:\/\/www.cronacaonline.it\/index.php\/wp-json\/wp\/v2\/categories?post=106372"},{"taxonomy":"post_tag","embeddable":true,"href":"https:\/\/www.cronacaonline.it\/index.php\/wp-json\/wp\/v2\/tags?post=106372"}],"curies":[{"name":"wp","href":"https:\/\/api.w.org\/{rel}","templated":true}]}}