{"id":106368,"date":"2013-10-23T17:20:43","date_gmt":"2013-10-23T16:20:43","guid":{"rendered":"http:\/\/www.cronacaonline.it\/public\/content\/index.php\/23\/10\/2013\/decadenza-berlusconi-scontro-grasso-pdl"},"modified":"2013-10-23T17:20:43","modified_gmt":"2013-10-23T16:20:43","slug":"decadenza-berlusconi-scontro-grasso-pdl","status":"publish","type":"post","link":"https:\/\/www.cronacaonline.it\/index.php\/2013\/10\/23\/decadenza-berlusconi-scontro-grasso-pdl\/","title":{"rendered":"Decadenza Berlusconi, scontro Grasso-Pdl"},"content":{"rendered":"<p>\"Se il voto sar\u00e0 segreto bisogner\u00e0 vedere se sar\u00e0 davvero un voto di coscienza o se dipender\u00e0 piuttosto da interessi diversi\": cos\u00ec il presidente del Senato Pietro Grasso in vista del voto sulla decadenza dal seggio parlamentare di Silvio Berlusconi. \"Se invece il voto sar\u00e0 palese, tutto sar\u00e0 pi\u00f9 chiaro\", ha aggiunto, spiegando come si occuper\u00e0 della questione appena rientrato dalla missione negli Usa. E dicendosi ottimista sul fatto che il voto non metter\u00e0 a rischio la ritrovata stabilit\u00e0 del governo. <BR>Ma la reazione stizzita del Pdl non si \u00e8 fatta attendere. All'attacco i capigruppo di Camera e Senato Brunetta e Schifani. <\/p>\n<p>\"E' molto grave - dice il numero uno dei senatori nella sua dichiarazione - che il presidente Grasso ipotizzi il voto palese sulla decadenza, essendo il regolamento sul punto chiaro ed inequivocabile. Un'eventuale interpretazione diversa in Giunta per il regolamento, a colpi di maggioranza, sarebbe inaccettabile e noi ci opporremmo strenuamente a una simile forzatura. Sospettare, poi, che attraverso il voto segreto i senatori possano perseguire interessi diversi rispetto alla propria coscienza \u00e8 incredibile, e ci auguriamo che si sia trattato di un malaugurato fraintendimento. Un chiarimento sarebbe quantomeno opportuno\".<BR><\/p>\n","protected":false},"excerpt":{"rendered":"<p>&#8220;Se il voto sar\u00e0 segreto bisogner\u00e0 vedere se sar\u00e0 davvero un voto di coscienza o se dipender\u00e0 piuttosto da interessi diversi&#8221;: cos\u00ec il presidente del&#8230;<\/p>\n","protected":false},"author":2,"featured_media":0,"comment_status":"closed","ping_status":"closed","sticky":false,"template":"","format":"standard","meta":[],"categories":[49],"tags":[],"_links":{"self":[{"href":"https:\/\/www.cronacaonline.it\/index.php\/wp-json\/wp\/v2\/posts\/106368"}],"collection":[{"href":"https:\/\/www.cronacaonline.it\/index.php\/wp-json\/wp\/v2\/posts"}],"about":[{"href":"https:\/\/www.cronacaonline.it\/index.php\/wp-json\/wp\/v2\/types\/post"}],"author":[{"embeddable":true,"href":"https:\/\/www.cronacaonline.it\/index.php\/wp-json\/wp\/v2\/users\/2"}],"replies":[{"embeddable":true,"href":"https:\/\/www.cronacaonline.it\/index.php\/wp-json\/wp\/v2\/comments?post=106368"}],"version-history":[{"count":0,"href":"https:\/\/www.cronacaonline.it\/index.php\/wp-json\/wp\/v2\/posts\/106368\/revisions"}],"wp:attachment":[{"href":"https:\/\/www.cronacaonline.it\/index.php\/wp-json\/wp\/v2\/media?parent=106368"}],"wp:term":[{"taxonomy":"category","embeddable":true,"href":"https:\/\/www.cronacaonline.it\/index.php\/wp-json\/wp\/v2\/categories?post=106368"},{"taxonomy":"post_tag","embeddable":true,"href":"https:\/\/www.cronacaonline.it\/index.php\/wp-json\/wp\/v2\/tags?post=106368"}],"curies":[{"name":"wp","href":"https:\/\/api.w.org\/{rel}","templated":true}]}}