{"id":106349,"date":"2013-10-23T17:20:43","date_gmt":"2013-10-23T16:20:43","guid":{"rendered":"http:\/\/www.cronacaonline.it\/public\/content\/index.php\/23\/10\/2013\/pregiudicato-di-iglesias-arrestato-dagli-agenti-delle-volanti-di-cagliari-per-lesioni-personali-maltrattamenti-in-famiglia-e-furto"},"modified":"2013-10-23T17:20:43","modified_gmt":"2013-10-23T16:20:43","slug":"pregiudicato-di-iglesias-arrestato-dagli-agenti-delle-volanti-di-cagliari-per-lesioni-personali-maltrattamenti-in-famiglia-e-furto","status":"publish","type":"post","link":"https:\/\/www.cronacaonline.it\/index.php\/2013\/10\/23\/pregiudicato-di-iglesias-arrestato-dagli-agenti-delle-volanti-di-cagliari-per-lesioni-personali-maltrattamenti-in-famiglia-e-furto\/","title":{"rendered":"Pregiudicato di Iglesias arrestato dagli agenti delle Volanti di Cagliari per lesioni personali, maltrattamenti in famiglia e furto."},"content":{"rendered":"<p>Gli agenti della Squadra Volanti della Questura di Cagliari hanno arrestato con le accuse di lesioni personali, maltrattamenti e furto, Fabrizio Ulargiu, di 40 anni, di Iglesias.<\/p>\n<p>Intorno alle ore 18:40 di ieri, il Centro Operativo Telecomunicazioni, ha inviato un equipaggio della Squadra Volanti in Via Bellini dove una donna ha richiesto l\u2019intervento della Polizia perch\u00e9 era stata picchiata dal fidanzato.<\/p>\n<p>Gli agenti pochi istanti dopo la segnalazione hanno raggiunto l\u2019indirizzo dove sono stati avvicinati da una donna che mostrava una evidente lesione sul volto all\u2019altezza dell\u2019occhio destro ed ha poi riferito di aver richiesto l\u2019intervento della Polizia perch\u00e9 era stata picchiata a seguito dell\u2019ennesima lite con il fidanzato l\u00ec presente. <\/p>\n<p>L\u2019uomo, secondo il racconto della vittima, ha iniziato a picchiarla dopo aver saputo che era stata in Questura per denunciare il furto dei cellulari e questo episodio \u00e8 bastato per far scaturire l\u2019ennesima lite violenta dove lui l\u2019ha prima colpita al volto con un pugno e poi dopo averla strattonata, l\u2019ha colpita ripetutamente con altri colpi violenti.&nbsp; Fortunatamente la vittima \u00e8 riuscita a scappare e a contattare il 113.<\/p>\n<p>I poliziotti a questo punto hanno fermato il pregiudicato e poi lo hanno perquisito trovandolo in possesso dei tre cellulari sottratti all\u2019aggredita che erano stati oggetto della denuncia.<\/p>\n<p>Il racconto della vittima si \u00e8 arricchito di altri particolari che hanno messo in evidenza il carattere violento dell\u2019Ulargiu e delle diverse denunce contro di lui sempre per i continui maltrattamenti.<\/p>\n<p>La donna a seguito delle percosse si \u00e8 sottoposta alle cure dei medici dell\u2019Ospedale SS. Trinit\u00e0 e nel frattempo Ulargiu \u00e8 stato condotto negli uffici della Questura dove, al termine degli accertamenti di rito, \u00e8 stato dichiarato in arresto. Quindi del fatto \u00e8 stato messo al corrente il Pm di turno che ha disposto che l\u2019uomo fosse trattenuto nelle camere di sicurezza in attesa del rito direttissimo previsto per oggi.<\/p>\n","protected":false},"excerpt":{"rendered":"<p>Gli agenti della Squadra Volanti della Questura di Cagliari hanno arrestato con le accuse di lesioni personali, maltrattamenti e furto, Fabrizio Ulargiu, di 40 anni,&#8230;<\/p>\n","protected":false},"author":2,"featured_media":0,"comment_status":"closed","ping_status":"closed","sticky":false,"template":"","format":"standard","meta":[],"categories":[49],"tags":[],"_links":{"self":[{"href":"https:\/\/www.cronacaonline.it\/index.php\/wp-json\/wp\/v2\/posts\/106349"}],"collection":[{"href":"https:\/\/www.cronacaonline.it\/index.php\/wp-json\/wp\/v2\/posts"}],"about":[{"href":"https:\/\/www.cronacaonline.it\/index.php\/wp-json\/wp\/v2\/types\/post"}],"author":[{"embeddable":true,"href":"https:\/\/www.cronacaonline.it\/index.php\/wp-json\/wp\/v2\/users\/2"}],"replies":[{"embeddable":true,"href":"https:\/\/www.cronacaonline.it\/index.php\/wp-json\/wp\/v2\/comments?post=106349"}],"version-history":[{"count":0,"href":"https:\/\/www.cronacaonline.it\/index.php\/wp-json\/wp\/v2\/posts\/106349\/revisions"}],"wp:attachment":[{"href":"https:\/\/www.cronacaonline.it\/index.php\/wp-json\/wp\/v2\/media?parent=106349"}],"wp:term":[{"taxonomy":"category","embeddable":true,"href":"https:\/\/www.cronacaonline.it\/index.php\/wp-json\/wp\/v2\/categories?post=106349"},{"taxonomy":"post_tag","embeddable":true,"href":"https:\/\/www.cronacaonline.it\/index.php\/wp-json\/wp\/v2\/tags?post=106349"}],"curies":[{"name":"wp","href":"https:\/\/api.w.org\/{rel}","templated":true}]}}