{"id":106308,"date":"2013-10-22T17:20:43","date_gmt":"2013-10-22T16:20:43","guid":{"rendered":"http:\/\/www.cronacaonline.it\/public\/content\/index.php\/22\/10\/2013\/olbia-meeting-sulla-protesi-totale-del-ginocchio"},"modified":"2013-10-22T17:20:43","modified_gmt":"2013-10-22T16:20:43","slug":"olbia-meeting-sulla-protesi-totale-del-ginocchio","status":"publish","type":"post","link":"https:\/\/www.cronacaonline.it\/index.php\/2013\/10\/22\/olbia-meeting-sulla-protesi-totale-del-ginocchio\/","title":{"rendered":"Olbia: meeting sulla Protesi totale del ginocchio."},"content":{"rendered":"<p>Tutte le domande, anche quelle \u201cscottanti\u201d, sulla Protesi totale al ginocchio: questo il programma del meeting di Olbia, aperto agli addetti ai lavori.<BR>\u201cAbbiamo voluto organizzare un incontro tra esperti, aperto al confronto, in cui gli addetti ai lavori potranno esporre anche le proprie perplessit\u00e0 su procedure e interventi effettuati\u201d, spiega Peppino Mela, direttore del reparto di Ortopedia dell\u2019ospedale di Olbia, organizzatore dell\u2019evento formativo in programma gioved\u00ec 24 ottobre, alle ore 16.30, nella sala conferenze dell\u2019Hotel Mercure di Olbia.<\/p>\n<p>\u201cTavola rotondo. Domande scottanti sulla Protesi totale al ginocchio (Ptg)\u201d \u00e8 il titolo della giornata di confronto che vede tra i relatori la presenza di Fabio Catani, del Policlinico universitario di Modena, Francesco Bove, primario del reparto di chirurgia ortopedica dell\u2019ospedale dell\u2019istituto Neurotraumatologico italiano (Ini) di Grottaferrata a Roma, e Massimiliano Salvi, professore associato dell\u2019Universit\u00e0 di Cagliari.<\/p>\n<p>\u201cL\u2019intervento di Protesi totale al ginocchio consiste nella sostituzione della parte danneggiata del ginocchio, con una protesi composta da una parte metallica e una parte di polietilene. A secondo dello stato del ginocchio il medico effettuer\u00e0 una protesi totale o parziale\u201d, spiega l\u2019ortopedico della Asl di Olbia. \u201cL\u2019indicazione all\u2019intervento viene valutata da paziente a paziente, e varia dall\u2019et\u00e0, dal grado di attivit\u00e0 e dallo stato di salute generale. Un\u2019attenta anamnesi che deve esser effettuata dallo specialista e che spesso, proprio per la peculiarit\u00e0 dell\u2019intervento, pu\u00f2 cambiare da ortopedico a ortopedico. Solitamente la chirurgia \u00e8 indicata quando i vari trattamenti conservativi (medicamenti, fisioterapia, infiltrazioni) non permettono pi\u00f9 di ridurre la sintomatologia dolorosa. Anche la tipologia della protesi cambia da soggetto a soggetto, e sar\u00e0 sempre lo specialista, anche in questo caso, a scegliere il tipo di protesi pi\u00f9 adatto per il caso specifico\u201d.<\/p>\n<p>\u201cInterventi che richiedono una preparazione e un potere decisionale tali che rendono fondamentale il confronto. Tra i temi che verranno trattati nel meeting di Olbia ci sono le differenze tra gli interventi ossei o dei tessuti molli; l\u2019utilizzo di una protesi son \u201cpiatto fisso\u201d o \u201cmobile\u201d; la possibilit\u00e0 di \u201cprotesizzare\u201d la rotula. Un confronto che son certo sar\u00e0 altamente costruttivo e ci consentir\u00e0 di riflettere sui trattamenti che vengono seguiti nelle nostre strutture\u201d, conclude Mela.<\/p>\n<p>La Asl di Olbia dal 2009 effettua interventi, tra i pochi in Italia, di protesi su misura, delle realizzate per ogni paziente. Com<BR><\/p>\n","protected":false},"excerpt":{"rendered":"<p>Tutte le domande, anche quelle \u201cscottanti\u201d, sulla Protesi totale al ginocchio: questo il programma del meeting di Olbia, aperto agli addetti ai lavori.\u201cAbbiamo voluto organizzare&#8230;<\/p>\n","protected":false},"author":2,"featured_media":0,"comment_status":"closed","ping_status":"closed","sticky":false,"template":"","format":"standard","meta":[],"categories":[49],"tags":[],"_links":{"self":[{"href":"https:\/\/www.cronacaonline.it\/index.php\/wp-json\/wp\/v2\/posts\/106308"}],"collection":[{"href":"https:\/\/www.cronacaonline.it\/index.php\/wp-json\/wp\/v2\/posts"}],"about":[{"href":"https:\/\/www.cronacaonline.it\/index.php\/wp-json\/wp\/v2\/types\/post"}],"author":[{"embeddable":true,"href":"https:\/\/www.cronacaonline.it\/index.php\/wp-json\/wp\/v2\/users\/2"}],"replies":[{"embeddable":true,"href":"https:\/\/www.cronacaonline.it\/index.php\/wp-json\/wp\/v2\/comments?post=106308"}],"version-history":[{"count":0,"href":"https:\/\/www.cronacaonline.it\/index.php\/wp-json\/wp\/v2\/posts\/106308\/revisions"}],"wp:attachment":[{"href":"https:\/\/www.cronacaonline.it\/index.php\/wp-json\/wp\/v2\/media?parent=106308"}],"wp:term":[{"taxonomy":"category","embeddable":true,"href":"https:\/\/www.cronacaonline.it\/index.php\/wp-json\/wp\/v2\/categories?post=106308"},{"taxonomy":"post_tag","embeddable":true,"href":"https:\/\/www.cronacaonline.it\/index.php\/wp-json\/wp\/v2\/tags?post=106308"}],"curies":[{"name":"wp","href":"https:\/\/api.w.org\/{rel}","templated":true}]}}