{"id":106233,"date":"2013-10-15T17:20:43","date_gmt":"2013-10-15T16:20:43","guid":{"rendered":"http:\/\/www.cronacaonline.it\/public\/content\/index.php\/15\/10\/2013\/nel-cinquantesimo-anniversario-della-morte-di-cocteau-e-poulenc-il-conservatorio-di-musica-di-cagliari-16-ottobre---13-novembre-2013-presenta-la-rassegna-jean-cocteau-e-le-circle-de-montparna"},"modified":"2013-10-15T17:20:43","modified_gmt":"2013-10-15T16:20:43","slug":"nel-cinquantesimo-anniversario-della-morte-di-cocteau-e-poulenc-il-conservatorio-di-musica-di-cagliari-16-ottobre-13-novembre-2013-presenta-la-rassegna-jean-cocteau-e-le-circle-de-montparnasse","status":"publish","type":"post","link":"https:\/\/www.cronacaonline.it\/index.php\/2013\/10\/15\/nel-cinquantesimo-anniversario-della-morte-di-cocteau-e-poulenc-il-conservatorio-di-musica-di-cagliari-16-ottobre-13-novembre-2013-presenta-la-rassegna-jean-cocteau-e-le-circle-de-montparnasse\/","title":{"rendered":"Nel cinquantesimo anniversario della morte di Cocteau e Poulenc il Conservatorio di Musica di Cagliari, 16 ottobre &#8211; 13 novembre 2013 presenta la rassegna Jean Cocteau e Le Circle De Montparnasse"},"content":{"rendered":"<p>Giovani musicisti e concertisti di fama a confronto in un repertorio affascinante e fuori dagli schemi pi\u00f9 consueti, che si snoda tra l'ironia di Erik Satie e la bizzarria della musica latinoamericana di Darius Milhaud. L\u2019impegno artistico del \u201cConservatorio G. Pierluigi da Palestrina\u201d ha puntato in alto e all\u2019Auditorium di Piazza Porrino, in occasione del cinquantesimo anniversario della scomparsa di Cocteau e di Poulenc, va in scena la rassegna \u201cJean Cocteau e Le Circle De Montparnasse\u201d, affidata ai giovani e ai pi\u00f9 maturi talenti musicali oggi presenti in Sardegna.<\/p>\n<p>Il ciclo concertistico debutta mercoledi\u2019 16 ottobre all\u2019Auditorium del Conservatorio alle ore 18, con ilprimo dei quattro concerti, tenuto dal duo pianistico costituito da Amedeo&nbsp; Cannas e Luca Nurchis. Un appuntamento dedicato, nella prima parte, alla musica ironica di Satie, ispiratore del \u201cGruppo dei Sei\u201d, autore con Cocteau del balletto surreal-futurista \"Parade\" che segn\u00f2 la nascita del Gruppo. La&nbsp; sua musica scarna ed essenziale, fu ritenuta un insulto per la generazione dei musicisti contemporanei, ma il \u201cGruppo dei Sei\u201d la prese a modello e stimolo per fronteggiare l'avanzata della musica tedesca.<\/p>\n<p>La seconda parte della serata guarda invece al monodramma \u201cLe Boef sur le toit\u201d, originariamente concepito per 25 musicisti e poi trascritto da Milhaud per pianoforte a 4 mani. Il duo Cannas - Nurchis interpreta con gusto ed ironia questo repertorio, particolarmente coinvolgente nel dipanarsi tra armonie anticlassiche e ritmi brasiliani.<\/p>\n<p>Seguiranno i concerti dedicati a Francis Poulenc (23 ottobre), alla musica da camera dal duo al sestetto di tutto il \u201cGruppo dei Sei\u201d (6 novembre) e alla musica per pianoforte solo di Satie, Poulenc e Milhaud (13 novembre).<BR>Luca Nurchis inizia a studiare pianoforte all\u2019et\u00e0 di 4 anni e a 5 anni ha i suoi primi contatti con il pubblico. Attualmente si sta perfezionando sotto la guida del Mo. Claudio Martinez-Mehner e frequenta il biennio di alta specializzazione presso il Conservatorio di Musica \"G.P. da Palestrina\" di Cagliari con Francesca Giangrandi, con la quale ha ottenuto il Diploma di Pianoforte presso lo stesso istituto.&nbsp; Dal 2012 suona regolarmente in duo col pianista Amedeo Cannas.<\/p>\n<p>Amedeo Cannas \u00e8 un giovane musicista cagliaritano sempre pi\u00f9 apprezzato per il suo talento, si \u00e8 formato sotto la guida di Maurizio Moretti e di Angela Oliviero. Nel Gennaio 2011 \u00e8 risultato vincitore del concorso Pianistico Internazionale \" Rachmaninoff\" in duo pianistico. A Settembre 2013 \u00e8 prevista la sua prima incisione discografica. Numerose le Masterclass frequentate come allievo effettivo con illustri Maestri come Gerlinde Otto, Benedetto Lupo, Stanisl Pochekin, Jurgis Karnavicius, Yiukio Miyazaki, Rolf Dieter Arens, Gabriel Tacchino e Claudio Martinez Mehner. Com<\/p>\n","protected":false},"excerpt":{"rendered":"<p>Giovani musicisti e concertisti di fama a confronto in un repertorio affascinante e fuori dagli schemi pi\u00f9 consueti, che si snoda tra l&#8217;ironia di Erik&#8230;<\/p>\n","protected":false},"author":2,"featured_media":0,"comment_status":"closed","ping_status":"closed","sticky":false,"template":"","format":"standard","meta":[],"categories":[49],"tags":[],"_links":{"self":[{"href":"https:\/\/www.cronacaonline.it\/index.php\/wp-json\/wp\/v2\/posts\/106233"}],"collection":[{"href":"https:\/\/www.cronacaonline.it\/index.php\/wp-json\/wp\/v2\/posts"}],"about":[{"href":"https:\/\/www.cronacaonline.it\/index.php\/wp-json\/wp\/v2\/types\/post"}],"author":[{"embeddable":true,"href":"https:\/\/www.cronacaonline.it\/index.php\/wp-json\/wp\/v2\/users\/2"}],"replies":[{"embeddable":true,"href":"https:\/\/www.cronacaonline.it\/index.php\/wp-json\/wp\/v2\/comments?post=106233"}],"version-history":[{"count":0,"href":"https:\/\/www.cronacaonline.it\/index.php\/wp-json\/wp\/v2\/posts\/106233\/revisions"}],"wp:attachment":[{"href":"https:\/\/www.cronacaonline.it\/index.php\/wp-json\/wp\/v2\/media?parent=106233"}],"wp:term":[{"taxonomy":"category","embeddable":true,"href":"https:\/\/www.cronacaonline.it\/index.php\/wp-json\/wp\/v2\/categories?post=106233"},{"taxonomy":"post_tag","embeddable":true,"href":"https:\/\/www.cronacaonline.it\/index.php\/wp-json\/wp\/v2\/tags?post=106233"}],"curies":[{"name":"wp","href":"https:\/\/api.w.org\/{rel}","templated":true}]}}