{"id":106232,"date":"2013-10-23T17:20:43","date_gmt":"2013-10-23T16:20:43","guid":{"rendered":"http:\/\/www.cronacaonline.it\/public\/content\/index.php\/23\/10\/2013\/pensioni-legge-stabilita--i-pensionati-sardi-di-confartigianato-non-accettano-lennesimo-attacco-ai-loro-danni"},"modified":"2013-10-23T17:20:43","modified_gmt":"2013-10-23T16:20:43","slug":"pensioni-legge-stabilita-i-pensionati-sardi-di-confartigianato-non-accettano-lennesimo-attacco-ai-loro-danni","status":"publish","type":"post","link":"https:\/\/www.cronacaonline.it\/index.php\/2013\/10\/23\/pensioni-legge-stabilita-i-pensionati-sardi-di-confartigianato-non-accettano-lennesimo-attacco-ai-loro-danni\/","title":{"rendered":"Pensioni-legge stabilit\u00e0 \u2013 I pensionati sardi di Confartigianato non accettano l\u2019ennesimo attacco ai loro danni."},"content":{"rendered":"<p>\u201c\u00c8 inaccettabile il blocco, anche se solo parziale, della rivalutazione delle pensioni tenendo anche conto che il loro potere d\u2019acquisto gi\u00e0 diminuisce ogni anno di circa il 3%\u201d. <\/p>\n<p>Lo afferma Paola Montis, Presidente dell\u2019Anap Sardegna, l\u2019Associazione Nazionale Anziani e Pensionati di Confartigianato, in merito alla Legge di Stabilit\u00e0 approvata dal Governo.<\/p>\n<p>\u201cNoi comunque non ci rassegniamo \u2013 continua la Montis \u2013 e, dal momento che lo stesso Presidente del Consiglio Letta ha detto che la Legge potr\u00e0 essere migliorata in sede parlamentare, anche come ANAP Sardegna non mancheremo di far sentire la nostra voce in quella sede anche attraverso i Parlamentari eletti nella nostra regione, ai quali scriveremo per sensibilizzarli\u201d.<\/p>\n<p>\u201cNon \u00e8 pensabile essere sordi alle grida d\u2019allarme che provengono da milioni di pensionati italiani che non sanno pi\u00f9 come e dove ridurre le proprie spese \u2013 riprende la Presidente dell\u2019ANAP Sardegna - a Senatori e Deputati ribadiremo il nostro punto di vista e, al tempo stesso, faremo sapere come agire, a nostro avviso, per migliorare la situazione del Paese: dalle riforme strutturali ai tagli agli Enti inutili, fino alla vendita del patrimonio pubblico non utilizzato; e la lista, ovviamente, potrebbe continuare\u201d.<\/p>\n<p>\u201cOccorrerebbe \u2013 conclude la Presidente Montis \u2013 un po\u2019 di buon senso, di equit\u00e0 e, soprattutto, di coraggio che, probabilmente, \u00e8 ci\u00f2 che manca alle Istituzioni in questo periodo di crisi economica che il Paese sta attraversando\u201d.<\/p>\n","protected":false},"excerpt":{"rendered":"<p>\u201c\u00c8 inaccettabile il blocco, anche se solo parziale, della rivalutazione delle pensioni tenendo anche conto che il loro potere d\u2019acquisto gi\u00e0 diminuisce ogni anno di&#8230;<\/p>\n","protected":false},"author":2,"featured_media":0,"comment_status":"closed","ping_status":"closed","sticky":false,"template":"","format":"standard","meta":[],"categories":[49],"tags":[],"_links":{"self":[{"href":"https:\/\/www.cronacaonline.it\/index.php\/wp-json\/wp\/v2\/posts\/106232"}],"collection":[{"href":"https:\/\/www.cronacaonline.it\/index.php\/wp-json\/wp\/v2\/posts"}],"about":[{"href":"https:\/\/www.cronacaonline.it\/index.php\/wp-json\/wp\/v2\/types\/post"}],"author":[{"embeddable":true,"href":"https:\/\/www.cronacaonline.it\/index.php\/wp-json\/wp\/v2\/users\/2"}],"replies":[{"embeddable":true,"href":"https:\/\/www.cronacaonline.it\/index.php\/wp-json\/wp\/v2\/comments?post=106232"}],"version-history":[{"count":0,"href":"https:\/\/www.cronacaonline.it\/index.php\/wp-json\/wp\/v2\/posts\/106232\/revisions"}],"wp:attachment":[{"href":"https:\/\/www.cronacaonline.it\/index.php\/wp-json\/wp\/v2\/media?parent=106232"}],"wp:term":[{"taxonomy":"category","embeddable":true,"href":"https:\/\/www.cronacaonline.it\/index.php\/wp-json\/wp\/v2\/categories?post=106232"},{"taxonomy":"post_tag","embeddable":true,"href":"https:\/\/www.cronacaonline.it\/index.php\/wp-json\/wp\/v2\/tags?post=106232"}],"curies":[{"name":"wp","href":"https:\/\/api.w.org\/{rel}","templated":true}]}}