{"id":106196,"date":"2013-10-20T17:20:43","date_gmt":"2013-10-20T16:20:43","guid":{"rendered":"http:\/\/www.cronacaonline.it\/public\/content\/index.php\/20\/10\/2013\/monti-il-governo-non-deve-piu-inginocchiarsi-al-pdl"},"modified":"2013-10-20T17:20:43","modified_gmt":"2013-10-20T16:20:43","slug":"monti-il-governo-non-deve-piu-inginocchiarsi-al-pdl","status":"publish","type":"post","link":"https:\/\/www.cronacaonline.it\/index.php\/2013\/10\/20\/monti-il-governo-non-deve-piu-inginocchiarsi-al-pdl\/","title":{"rendered":"Monti: il governo non deve pi\u00f9 inginocchiarsi al Pdl"},"content":{"rendered":"<p>\"Tutto \u00e8 condizionato dalla posizione del senatore Berlusconi. D'altra parte dopo che varammo la legge Severino, Alfano alla Camera ritir\u00f2 la fiducia alla politica economica del mio governo\". Lo ha detto Mario Monti a \"In mezz'ora\".<\/p>\n<p>Senza un contratto di coalizione chiaro, accadr\u00e0 in futuro quello che \u00e8 successo per la manovra, con Letta che sull' Imu, \"si \u00e8 inginocchiato al Pdl, con la conseguenza di una manovra non adeguata sul cuneo fiscale e facendo aumentare l'Iva\", ha detto Mario Monti.<\/p>\n<p>\"Io avrei fatto volentieri un accordo con il Pdl, depurato per\u00f2\", ha detto l'ex leader di Scelta Civica a in Mezz'ora su Rai Tre. Monti ha quindi confermato di riferirsi a Silvio Berlusconi, ma non solo. \"Non \u00e8 solo Berlusconi e non voglio fare lista di nomi\", ha specificato l'ex premier a Lucia Annunziata.<\/p>\n<p>\"Queste le condizioni per fare un'alleanza con Pdl\", spiega Monti commentando la sua dichiarazione circa la mancata alleanza con un \"Pdl depurato\" da condannati e inquisiti. \"Io avrei fatto volentieri un accordo con il Pdl, ma non quello che manda indietro i politici europei dicendo che non si devono occupare dell'Italia ne quello che fa prevalere il populismo\".<BR>\"Chi minaccia la stabilit\u00e0 del governo? E' ridicolo dire che sia Scelta Civica. Piuttosto \u00e8 minacciato dal Pd che, in questa fase precongressuale, \u00e8 una variabile indipendente; e dal Pdl che fa continui diktat, tanto che spesso si scrive Letta ma si legge Brunetta\", ha detto Mario.<\/p>\n<p>\"Le mie posizioni di sostegno a governo e di pungolo a governo sono quelle di Scelta Civica. Sono una parte del Pd e il Pdl a minare governo, non Scelta Civica\". Lo ha detto l'ex leader di Scelta Civica, Mario Monti, a in Mezz'ora su Rai Tre.<\/p>\n<p>\"Questa formula e questo presidente del consiglio sono la miglior cosa che questo paese possa avere. Ma vorrei che fosse veramente il governo del fare, ma per l'atteggiamento di Pd e Pdl sta diventando il governo del disfare\". Lo ha detto Mario Monti a in Mezz'Ora: \"Ovviamente Scelta Civica non minaccia niente, ma abbiamo il dovere di indicare qual \u00e8 secondo noi la strada giusta e il presidente Letta ha concordato che un contratto di coalizione ci voglia. Altrimenti finir\u00e0 ancora ad inginocchiarsi davanti al Pdl, come fatto con l'Imu\".<\/p>\n<p>Sulle sue dimissioni da Scelta Civica, Monti ha poi aggiunto: \"Mi sono dimesso perch\u00e9 due autorevoli esponenti di Scelta Civica, Mauro e Casini, hanno criticato me e scelta Civica sulla base di due argomenti di cui io ho ritenuto di dover svelare il secondo fine: il Partito popolare europeo e la linea di Scelta Civica di pungolo al governo, che disturberebbe il manovratore\".<\/p>\n<p>Il voto in Senato sulla decadenza di Silvio Berlusconi \"non \u00e8 un giudizio su una persona, \u00e8 l'applicazione di una legge, vediamo in Italia se c'\u00e8 o no lo Stato di diritto\", dice Mario Monti.<\/p>\n<p>Con la votazione sulla decadenza di Silvio Berlusconi nell'aula di Palazzo Madama, \"si vedr\u00e0 se in Italia c'\u00e8 lo stato di diritto\". \"Se venisse usata la grazia per Berlusconi io non mi scandalizzerei\".<\/p>\n<p>\"Trovo curioso che Mauro e Casini, che stanno facendo aperture al Pdl, critichino Scelta Civica\" incolpata di minare \"secondo loro la stabilit\u00e0 del governo\", ha detto Mario Monti. \"Credo che lo facciano perch\u00e9 vedono uno spazio elettorale pi\u00f9 ampio da quella parte\", ha aggiunto l'ex presidente del consiglio: \"Lo avrei fatto anch'io. Ma solo con un Pdl depurato da alcune personalit\u00e0 e da alcuni comportamenti\". \"Mario Mauro mi ha pregato in ginocchio di prenderlo con noi in Scelta Civica\".<\/p>\n<p>\"Mi rivolgo a chi non ha votato Scelta Civica, pare siano tanti, perch\u00e9 c&nbsp;'era con noi Casini. Pu\u00f2 darsi che avessero ragione loro\", afferma l'ex premier Mario Monti durante la trasmissione In Mezz'Ora su Rai Tre.<BR>Mario Monti a testa bassa contro Daria Bignardi. A distanza di alcuni mesi, infatti, l'ex premier attacca la conduttrice de 'Le invasioni barbariche', perch\u00e9 quando fu suo ospite durante la campagna elettorale a sorpresa gli mise tra le braccia il cagnolino, poi ribattezzato Empy.<BR>&nbsp;\"Chi vi parla, perch\u00e9 cos\u00ec vuole coltivare la sua immagine chi non mi ama, \u00e8 colui -ricorda l'ex premier- che in uno studio televisivo si \u00e8 trovato tra le braccia, di sorpresa, poco corretta, ad opera di una sua collega -collega \u00e8 dire molto- un cagnolino. E oggi c'\u00e8 un'alta autorit\u00e0 dello Stato che fa spesso riferimenti, nelle sue sagaci dichiarazioni, alla fine che avr\u00e0 fatto il cagnolino di Monti, sar\u00e0 svanito nel nulla come il centro? Quest'alta autorit\u00e0 dello Stato \u00e8 un vicepresidente del Senato, il senatore Gasparri, lui si diverte molto\".<\/p>\n<p>\"Vorrei difendere la mia amica e collega Daria Bignardi -replica Annunziata- era un modo per tirarla fuori, le polemiche successive non riguardano quello che ha fatto la giornalista. Obiettivamente su questo mi permetta una difesa un p\u00f2 corporativa, ma credo in quello che dico\".<\/p>\n","protected":false},"excerpt":{"rendered":"<p>&#8220;Tutto \u00e8 condizionato dalla posizione del senatore Berlusconi. D&#8217;altra parte dopo che varammo la legge Severino, Alfano alla Camera ritir\u00f2 la fiducia alla politica economica&#8230;<\/p>\n","protected":false},"author":2,"featured_media":0,"comment_status":"closed","ping_status":"closed","sticky":false,"template":"","format":"standard","meta":[],"categories":[49],"tags":[],"_links":{"self":[{"href":"https:\/\/www.cronacaonline.it\/index.php\/wp-json\/wp\/v2\/posts\/106196"}],"collection":[{"href":"https:\/\/www.cronacaonline.it\/index.php\/wp-json\/wp\/v2\/posts"}],"about":[{"href":"https:\/\/www.cronacaonline.it\/index.php\/wp-json\/wp\/v2\/types\/post"}],"author":[{"embeddable":true,"href":"https:\/\/www.cronacaonline.it\/index.php\/wp-json\/wp\/v2\/users\/2"}],"replies":[{"embeddable":true,"href":"https:\/\/www.cronacaonline.it\/index.php\/wp-json\/wp\/v2\/comments?post=106196"}],"version-history":[{"count":0,"href":"https:\/\/www.cronacaonline.it\/index.php\/wp-json\/wp\/v2\/posts\/106196\/revisions"}],"wp:attachment":[{"href":"https:\/\/www.cronacaonline.it\/index.php\/wp-json\/wp\/v2\/media?parent=106196"}],"wp:term":[{"taxonomy":"category","embeddable":true,"href":"https:\/\/www.cronacaonline.it\/index.php\/wp-json\/wp\/v2\/categories?post=106196"},{"taxonomy":"post_tag","embeddable":true,"href":"https:\/\/www.cronacaonline.it\/index.php\/wp-json\/wp\/v2\/tags?post=106196"}],"curies":[{"name":"wp","href":"https:\/\/api.w.org\/{rel}","templated":true}]}}