{"id":106193,"date":"2013-10-23T17:20:43","date_gmt":"2013-10-23T16:20:43","guid":{"rendered":"http:\/\/www.cronacaonline.it\/public\/content\/index.php\/23\/10\/2013\/acli---presentazione-di-le-nuove-artiterapie-percorsi-nella-relazione-daiuto-il-manuale-a-cura-di-oliviero-rossi-e-anna-maria-acocella"},"modified":"2013-10-23T17:20:43","modified_gmt":"2013-10-23T16:20:43","slug":"acli-presentazione-di-le-nuove-artiterapie-percorsi-nella-relazione-daiuto-il-manuale-a-cura-di-oliviero-rossi-e-anna-maria-acocella","status":"publish","type":"post","link":"https:\/\/www.cronacaonline.it\/index.php\/2013\/10\/23\/acli-presentazione-di-le-nuove-artiterapie-percorsi-nella-relazione-daiuto-il-manuale-a-cura-di-oliviero-rossi-e-anna-maria-acocella\/","title":{"rendered":"Acli &#8211; Presentazione di \u201cLe nuove artiterapie. Percorsi nella relazione d\u2019aiuto\u201d, il manuale a cura di Oliviero Rossi e Anna Maria Acocella."},"content":{"rendered":"<p>Usare le diverse forme d\u2019espressione artistica per promuovere la salute e curare i mali pi\u00f9 nascosti della psiche. \u00c8 questo lo scopo dell\u2019arteterapia, una tecnica relativamente giovane (nasce negli anni \u201850 del Novecento), ma in forte crescita in Italia e nel resto del mondo. Gli psicoterapeuti Anna Maria Acocella e Oliviero Rossi, con il contributo di numerosi autorevoli colleghi, hanno raccolto le principali istruzioni per l\u2019uso di questa disciplina nel volume \u201cLe nuove artiterapie. Percorsi nella relazione d\u2019aiuto\u201d, che verr\u00e0 presentato venerd\u00ec 25 ottobre, alle 18.30, a Cagliari, nel corso di un seminario nella sede delle Acli di via Roma 173 (II piano).<BR>L\u2019evento, organizzato dall\u2019Istituto Gestalt e Body work di Cagliari e ospitato dal Coordinamento donne delle Acli Provinciali, vedr\u00e0 la partecipazione di Oliviero Rossi, uno dei curatori del libro, psicoterapeuta, docente all\u2019Istituto Gestalt Firenze sede di Roma, all\u2019Istituto Gestalt di Puglia, di Trieste e di Cagliari, e professore alla Pontificia Universit\u00e0 Antonianum di Roma.<\/p>\n<p>Interverranno alla presentazione anche il direttore dell\u2019Istituto Gestalt di Cagliari Sergio Mazzei e la musicologa e musicoterapeuta Laura Quattrini.<BR>L\u2019idea di base del volume curato da Rossi e Acocella \u00e8 che l\u2019arteterapia ha bisogno di arteterapeuti e gli arteterapeuti hanno bisogno di formazione. Il manuale nasce dunque dall\u2019esigenza di dare una sistemazione a una grande quantit\u00e0 di contributi teorici e tecnici che \u00e8 rigogliosamente - ma spesso disordinatamente - fiorita nel corso dell'ultimo decennio, accompagnando gli arteterapeuti nel loro percorso di crescita.<\/p>\n<p>La presentazione del libro sar\u00e0 anche l\u2019occasione per discutere a fondo dell\u2019arteterapia e della possibilit\u00e0 di utilizzare il teatro, la danza, la musica e quindi l\u2019espressivit\u00e0, l\u2019immaginazione e la gestualit\u00e0 per accedere agli aspetti pi\u00f9 intimi di s\u00e9 e tirare fuori le emozioni pi\u00f9 recondite e spesso inaspettate o sperimentare abilit\u00e0 spesso ignorate o inutilizzate. Com<\/p>\n","protected":false},"excerpt":{"rendered":"<p>Usare le diverse forme d\u2019espressione artistica per promuovere la salute e curare i mali pi\u00f9 nascosti della psiche. \u00c8 questo lo scopo dell\u2019arteterapia, una tecnica&#8230;<\/p>\n","protected":false},"author":2,"featured_media":0,"comment_status":"closed","ping_status":"closed","sticky":false,"template":"","format":"standard","meta":[],"categories":[49],"tags":[],"_links":{"self":[{"href":"https:\/\/www.cronacaonline.it\/index.php\/wp-json\/wp\/v2\/posts\/106193"}],"collection":[{"href":"https:\/\/www.cronacaonline.it\/index.php\/wp-json\/wp\/v2\/posts"}],"about":[{"href":"https:\/\/www.cronacaonline.it\/index.php\/wp-json\/wp\/v2\/types\/post"}],"author":[{"embeddable":true,"href":"https:\/\/www.cronacaonline.it\/index.php\/wp-json\/wp\/v2\/users\/2"}],"replies":[{"embeddable":true,"href":"https:\/\/www.cronacaonline.it\/index.php\/wp-json\/wp\/v2\/comments?post=106193"}],"version-history":[{"count":0,"href":"https:\/\/www.cronacaonline.it\/index.php\/wp-json\/wp\/v2\/posts\/106193\/revisions"}],"wp:attachment":[{"href":"https:\/\/www.cronacaonline.it\/index.php\/wp-json\/wp\/v2\/media?parent=106193"}],"wp:term":[{"taxonomy":"category","embeddable":true,"href":"https:\/\/www.cronacaonline.it\/index.php\/wp-json\/wp\/v2\/categories?post=106193"},{"taxonomy":"post_tag","embeddable":true,"href":"https:\/\/www.cronacaonline.it\/index.php\/wp-json\/wp\/v2\/tags?post=106193"}],"curies":[{"name":"wp","href":"https:\/\/api.w.org\/{rel}","templated":true}]}}