{"id":106185,"date":"2013-10-23T17:20:43","date_gmt":"2013-10-23T16:20:43","guid":{"rendered":"http:\/\/www.cronacaonline.it\/public\/content\/index.php\/23\/10\/2013\/scelta-civica-divorzia-dalludc-ma-il-partito-e-diviso"},"modified":"2013-10-23T17:20:43","modified_gmt":"2013-10-23T16:20:43","slug":"scelta-civica-divorzia-dalludc-ma-il-partito-e-diviso","status":"publish","type":"post","link":"https:\/\/www.cronacaonline.it\/index.php\/2013\/10\/23\/scelta-civica-divorzia-dalludc-ma-il-partito-e-diviso\/","title":{"rendered":"Scelta civica divorzia dall&#8217;Udc ma il partito \u00e8 diviso"},"content":{"rendered":"<p>Scelta civica avvia la pratica di separazione dall'Udc. Lo ha deciso, dopo quattro ore di teso confronto, il comitato direttivo del partito, che ha affidato al presidente Alberto Bombassei il compito di incontrare i vertici centristi per definire gli aspetti \"politici e giuridici\" di una separazione, che sperano sia consensuale, dei gruppi di Camera e Senato. Nella speranza che tutto ci\u00f2 possa avvenire \"senza conflitti\". E' questo uno dei punti di un documento votato a stragrande maggioranza dall'organismo direttivo del partito, che ha messo nero su bianco anche il mandato al partito a \"mantenere la sua identit\u00e0 plurale originale\" e a sostenere \"con convinzione e lealt\u00e0 il governo Letta\" proseguendo per\u00f2 nel suo ruolo di stimolo all'esecutivo.<\/p>\n<p>Decisioni che sono state duramente contestate dall'ala \"popolare\" del partito, che tuttavia risulta in forte minoranza in seno al comitato direttivo. \"Questo orientamento preso non \u00e8 condiviso da diversi colleghi di partito. C'\u00e8 un netto dissenso\", dice il capogruppo alla Camera Lorenzo Dellai, che contesta anche il fatto che l'organismo possa aver preso decisioni in sede deliberante. Posizione respinta da Bombassei che ricorda come il documento finale sia stato votato \"a stragrande maggioranza e da un direttivo che ha pieni poteri di decidere\". Il documento, peraltro, \u00e8 stato votato anche da un gruppo di cattolici come Andrea Causin, Gianluca Susta e Gregorio Gitti.<\/p>\n<p>\"Usciamo da questa riunione con la certezza che Scelta civica continuer\u00e0 ad esistere e lo far\u00e0 seguendo la politica indicata da Mario Monti\", ha detto lasciando la riunione il presidente pro tempore Bombassei. Anche Ilaria Borletti Buitoni ha parlato di una \"presa d'atto di un chiarimento necessario con l'Udc. C'\u00e8 un divorzio consensuale - ha aggiunto - che dovr\u00e0 avvenire nel modo meno traumatico possibile ma che - ha sottolineato - politicamente \u00e8 gi\u00e0 avvenuto\". Per l'esponente del partito ora \"Scelta civica riprende il suo percorso di forza riformatrice, leale con il governo ma anche di stimolo all'esecutivo\".<\/p>\n","protected":false},"excerpt":{"rendered":"<p>Scelta civica avvia la pratica di separazione dall&#8217;Udc. Lo ha deciso, dopo quattro ore di teso confronto, il comitato direttivo del partito, che ha affidato&#8230;<\/p>\n","protected":false},"author":2,"featured_media":0,"comment_status":"closed","ping_status":"closed","sticky":false,"template":"","format":"standard","meta":[],"categories":[49],"tags":[],"_links":{"self":[{"href":"https:\/\/www.cronacaonline.it\/index.php\/wp-json\/wp\/v2\/posts\/106185"}],"collection":[{"href":"https:\/\/www.cronacaonline.it\/index.php\/wp-json\/wp\/v2\/posts"}],"about":[{"href":"https:\/\/www.cronacaonline.it\/index.php\/wp-json\/wp\/v2\/types\/post"}],"author":[{"embeddable":true,"href":"https:\/\/www.cronacaonline.it\/index.php\/wp-json\/wp\/v2\/users\/2"}],"replies":[{"embeddable":true,"href":"https:\/\/www.cronacaonline.it\/index.php\/wp-json\/wp\/v2\/comments?post=106185"}],"version-history":[{"count":0,"href":"https:\/\/www.cronacaonline.it\/index.php\/wp-json\/wp\/v2\/posts\/106185\/revisions"}],"wp:attachment":[{"href":"https:\/\/www.cronacaonline.it\/index.php\/wp-json\/wp\/v2\/media?parent=106185"}],"wp:term":[{"taxonomy":"category","embeddable":true,"href":"https:\/\/www.cronacaonline.it\/index.php\/wp-json\/wp\/v2\/categories?post=106185"},{"taxonomy":"post_tag","embeddable":true,"href":"https:\/\/www.cronacaonline.it\/index.php\/wp-json\/wp\/v2\/tags?post=106185"}],"curies":[{"name":"wp","href":"https:\/\/api.w.org\/{rel}","templated":true}]}}