{"id":106159,"date":"2013-10-18T17:20:43","date_gmt":"2013-10-18T16:20:43","guid":{"rendered":"http:\/\/www.cronacaonline.it\/public\/content\/index.php\/18\/10\/2013\/scelta-civica-spaccata-monti-si-dimette-e-va-al-gruppo-misto"},"modified":"2013-10-18T17:20:43","modified_gmt":"2013-10-18T16:20:43","slug":"scelta-civica-spaccata-monti-si-dimette-e-va-al-gruppo-misto","status":"publish","type":"post","link":"https:\/\/www.cronacaonline.it\/index.php\/2013\/10\/18\/scelta-civica-spaccata-monti-si-dimette-e-va-al-gruppo-misto\/","title":{"rendered":"Scelta Civica spaccata, Monti si dimette e va al gruppo misto."},"content":{"rendered":"<p>\"Rassegno le dimissioni da presidente di Scelta Civica\". Mario Monti lascia la guida del movimento che ha creato. Il motivo sarebbe legato ai dissidi interni al partito sulla legge di stabilit\u00e0. \"Undici senatori sono contro di me\" - ha motivato Monti - che si era gi\u00e0 detto contrario al provvedimento.<\/p>\n<p>\"La presidenza - dichiara - verr\u00e0 assicurata dal vicepresidente vicario Alberto Bombassei, fino all'attivazione delle procedure previste dallo Statuto per la nomina del nuovo presidente. Domani - annuncia - lascer\u00f2 il gruppo Sc del Senato e chieder\u00f2 l'iscrizione al gruppo misto. Nella mia veste di senatore a vita, non verr\u00e0 meno il mio impegno per contribuire all'affermazione di quei valori e di quella visione per i quali, confido, quanti hanno aderito al progetto di Scelta Civica per l'Italia continueranno a battersi.<\/p>\n","protected":false},"excerpt":{"rendered":"<p>&#8220;Rassegno le dimissioni da presidente di Scelta Civica&#8221;. Mario Monti lascia la guida del movimento che ha creato. Il motivo sarebbe legato ai dissidi interni&#8230;<\/p>\n","protected":false},"author":2,"featured_media":0,"comment_status":"closed","ping_status":"closed","sticky":false,"template":"","format":"standard","meta":[],"categories":[49],"tags":[],"_links":{"self":[{"href":"https:\/\/www.cronacaonline.it\/index.php\/wp-json\/wp\/v2\/posts\/106159"}],"collection":[{"href":"https:\/\/www.cronacaonline.it\/index.php\/wp-json\/wp\/v2\/posts"}],"about":[{"href":"https:\/\/www.cronacaonline.it\/index.php\/wp-json\/wp\/v2\/types\/post"}],"author":[{"embeddable":true,"href":"https:\/\/www.cronacaonline.it\/index.php\/wp-json\/wp\/v2\/users\/2"}],"replies":[{"embeddable":true,"href":"https:\/\/www.cronacaonline.it\/index.php\/wp-json\/wp\/v2\/comments?post=106159"}],"version-history":[{"count":0,"href":"https:\/\/www.cronacaonline.it\/index.php\/wp-json\/wp\/v2\/posts\/106159\/revisions"}],"wp:attachment":[{"href":"https:\/\/www.cronacaonline.it\/index.php\/wp-json\/wp\/v2\/media?parent=106159"}],"wp:term":[{"taxonomy":"category","embeddable":true,"href":"https:\/\/www.cronacaonline.it\/index.php\/wp-json\/wp\/v2\/categories?post=106159"},{"taxonomy":"post_tag","embeddable":true,"href":"https:\/\/www.cronacaonline.it\/index.php\/wp-json\/wp\/v2\/tags?post=106159"}],"curies":[{"name":"wp","href":"https:\/\/api.w.org\/{rel}","templated":true}]}}