{"id":106009,"date":"2013-09-03T17:20:43","date_gmt":"2013-09-03T16:20:43","guid":{"rendered":"http:\/\/www.cronacaonline.it\/public\/content\/index.php\/03\/09\/2013\/ocse-eurozona-fuori-dalla-crisi-ma-litalia-non-ha-agganciato-la-ripresa"},"modified":"2013-09-03T17:20:43","modified_gmt":"2013-09-03T16:20:43","slug":"ocse-eurozona-fuori-dalla-crisi-ma-litalia-non-ha-agganciato-la-ripresa","status":"publish","type":"post","link":"https:\/\/www.cronacaonline.it\/index.php\/2013\/09\/03\/ocse-eurozona-fuori-dalla-crisi-ma-litalia-non-ha-agganciato-la-ripresa\/","title":{"rendered":"Ocse: eurozona fuori dalla crisi ma l&#8217;Italia non ha agganciato la ripresa"},"content":{"rendered":"<p>L'eurozona \u00e8 fuori dalla recessione, ma il superamento degli squilibri rimane incompleto e nei paesi con un alto debito pubblico la debolezza della domanda interna \u00e8 stata compensate solo in parte da maggiori esportazioni verso mercati esteri. E' quanto scrivono gli esperti dell'Ocse nella valutazione a interim dell'economia globale pubblicata<BR>oggi a Parigi.<\/p>\n<p>Per migliorare la competitivit\u00e0 di fondo e accrescere la performance delle esportazioni servono, secondo l'Ocse, riforme per \"aumentare la produttivit\u00e0, come minori restrizioni nei mercati dei prodotti e un mercato del lavoro pi\u00f9 dinamico\".<\/p>\n<p>Nel 2013 il Pil dell'Italia si attester\u00e0 al -1,8%. L'Ocse nell'\"Interim Economic Assessment\" aggiunge che il prodotto interno lordo si contrarr\u00e0 dello 0,3% nel quarto trimestre dell'anno e dello 0,4% nel terzo. Dal rapporto emerge che il nostro paese \u00e8 l'unico ancora in recessione tra le maggiori economie, visto che la Francia registrer\u00e0 a fine anno una crescita dello 0,3% (+1,4% nel terzo trimestre, +1,6% nel quarto), la Germania dello 0,7% (+2,3% e +2,4%), la Gran Bretagna dell'1,5% (+3,7% e +3,2%), Usa +1,7% (+2,5% e +2,7%).<\/p>\n","protected":false},"excerpt":{"rendered":"<p>L&#8217;eurozona \u00e8 fuori dalla recessione, ma il superamento degli squilibri rimane incompleto e nei paesi con un alto debito pubblico la debolezza della domanda interna&#8230;<\/p>\n","protected":false},"author":2,"featured_media":0,"comment_status":"closed","ping_status":"closed","sticky":false,"template":"","format":"standard","meta":[],"categories":[49],"tags":[],"_links":{"self":[{"href":"https:\/\/www.cronacaonline.it\/index.php\/wp-json\/wp\/v2\/posts\/106009"}],"collection":[{"href":"https:\/\/www.cronacaonline.it\/index.php\/wp-json\/wp\/v2\/posts"}],"about":[{"href":"https:\/\/www.cronacaonline.it\/index.php\/wp-json\/wp\/v2\/types\/post"}],"author":[{"embeddable":true,"href":"https:\/\/www.cronacaonline.it\/index.php\/wp-json\/wp\/v2\/users\/2"}],"replies":[{"embeddable":true,"href":"https:\/\/www.cronacaonline.it\/index.php\/wp-json\/wp\/v2\/comments?post=106009"}],"version-history":[{"count":0,"href":"https:\/\/www.cronacaonline.it\/index.php\/wp-json\/wp\/v2\/posts\/106009\/revisions"}],"wp:attachment":[{"href":"https:\/\/www.cronacaonline.it\/index.php\/wp-json\/wp\/v2\/media?parent=106009"}],"wp:term":[{"taxonomy":"category","embeddable":true,"href":"https:\/\/www.cronacaonline.it\/index.php\/wp-json\/wp\/v2\/categories?post=106009"},{"taxonomy":"post_tag","embeddable":true,"href":"https:\/\/www.cronacaonline.it\/index.php\/wp-json\/wp\/v2\/tags?post=106009"}],"curies":[{"name":"wp","href":"https:\/\/api.w.org\/{rel}","templated":true}]}}