{"id":105959,"date":"2013-09-12T17:20:43","date_gmt":"2013-09-12T16:20:43","guid":{"rendered":"http:\/\/www.cronacaonline.it\/public\/content\/index.php\/12\/09\/2013\/sanita-animale-lingua-blu-de-francisci-ha-firmato-nuovo-decreto-cherchi-indennizzi-piu-rapidi"},"modified":"2013-09-12T17:20:43","modified_gmt":"2013-09-12T16:20:43","slug":"sanita-animale-lingua-blu-de-francisci-ha-firmato-nuovo-decreto-cherchi-indennizzi-piu-rapidi","status":"publish","type":"post","link":"https:\/\/www.cronacaonline.it\/index.php\/2013\/09\/12\/sanita-animale-lingua-blu-de-francisci-ha-firmato-nuovo-decreto-cherchi-indennizzi-piu-rapidi\/","title":{"rendered":"Sanit\u00e0 animale, lingua blu: De Francisci ha firmato nuovo decreto; Cherchi: indennizzi pi\u00f9 rapidi"},"content":{"rendered":"<p>L\u2019assessore regionale della Sanit\u00e0 Simona De Francisci ha firmato oggi il nuovo decreto per contrastare in maniera pi\u00f9 efficace l\u2019epidemia di Lingua blu che ha colpito gli allevamenti ovini della Sardegna. La firma arriva dopo le verifiche e d\u2019intesa con il ministero della Salute, i Servizi veterinari delle Asl e l\u2019Istituto Zooprofilattico della Sardegna. Alla presentazione del provvedimento, oggi a Cagliari, oltre all\u2019assessore De Francisci erano presenti l\u2019assessore dell\u2019Agricoltura Oscar Cherchi e il direttore dello Zooprofilattico Antonello Usai.<\/p>\n<p>&nbsp;\u201c\u00c8 un decreto importante \u2013 ha sottolineato De Francisci \u2013 perch\u00e9 integra e rafforza le precedenti disposizioni, prevedendo tra le altre norme l\u2019anticipazione della campagna vaccinale 2014\u201d. L\u2019assessore ha poi voluto lanciare un appello a tutto il sistema affinch\u00e9 non si abbassi la guardia. In particolare, ha chiesto al mondo allevatoriale la massima collaborazione perch\u00e9 immunizzino i propri capi: \u201c\u00c8 un vaccino spento, dunque con nessun effetto collaterale e assieme a una corretta profilassi \u00e8 l\u2019unica arma per combattere la malattia\u201d.<\/p>\n<p>Riguardo agli indennizzi agli allevatori, l'assessore Cherchi ha illustrato i contenuti della legge appena approvata in Consiglio regionale, che destina 18,5 milioni di euro all'emergenza: \u201cTra le novit\u00e0 pi\u00f9 significative vi \u00e8 il coinvolgimento degli enti locali, ai quali verranno trasferite le risorse per velocizzare i tempi di erogazione delle somme necessarie a ristabilire il patrimonio zootecnico compromesso direttamente dalla Blue Tongue. Inoltre una parte consistente dei fondi sar\u00e0 destinata alla prevenzione e alla ricerca\u201d. Cherchi ha poi chiarito che con questo provvedimento non sono previsti indennizzi per gli abbattimenti.<\/p>\n<p>\u00abIl ricorso a un vaccino spento \u2013 ha poi aggiunto il direttore dello Zooprofilattico Usai \u2013 si \u00e8 reso necessario per evitare gli effetti collaterali del passato e per andare incontro alle richieste degli allevatori. I sierotipi della Blue tongue sono oltre 20, perci\u00f2 il vaccino da solo non basta, anche se resta uno strumento indispensabile. Quindi insieme alla profilassi sanitaria dobbiamo fare squadra con gli allevatori e fare la guerra all'insetto vettore della malattia\u201d, ha aggiunto Usai.<\/p>\n<p>Sono 3.081 i focolai di blue tongue registrati all\u201911 settembre dal Centro di Sorveglianza Epidemiologica dell'Istituto Zooprofilattico della Sardegna. I casi di malattia confermati sono 1.092 mentre i sospetti sono 1.989 per un fenomeno che interessa pi\u00f9 di 3mila aziende isolane. Gli ovini contagiati sono 74mila circa, con una mortalit\u00e0 che non supera l\u2019uno per cento sul totale dei capi coinvolti (900mila: cio\u00e8 la somma di tutti gli animali presenti nelle aziende interessate dalla lingua blu). Le province pi\u00f9 colpite restano quelle di Nuoro (739 focolai), Oristano (747) e Sassari (574). Stabili, i numeri di Lanusei: 115 focolai.&nbsp;<\/p>\n<p>Scheda \u2013 il nuovo decreto<\/p>\n<p>I principali obiettivi della campagna vaccinale obbligatoria prevista nel nuovo decreto sono: - proteggere il patrimonio ovino isolano dai danni derivanti dalla circolazione del virus; consentire la movimentazione intraregionale ed extraregionale anche dei bovini o degli animali delle specie recettive alla febbre catarrale degli ovini.<\/p>\n<p>La nuova strategia di vaccinazione per la campagna in corso prevede il ricorso alla profilassi vaccinale negli allevamenti ovini oltre i 4 km del buffer attorno ai focolai e inoltre in tutti gli ovini di et\u00e0 maggiore ai 3 mesi che non manifestano sintomatologia clinica, appartenenti alle aziende confinanti con quelle sede di focolaio, tenendo conto della situazione orografica e della presenza di corsi d\u2019acqua, in particolare nelle provincie interessate dall'epidemia 2012. Non sono previsti effetti collaterali negli animali sottoposti a vaccinazione, visto che si tratta di vaccini spenti. Per quanto riguarda la profilassi diretta (lotta all\u2019insetto vettore e smaltimento carcasse), \u00e8 prevista la distribuzione agli allevatori di particolari repellenti per ovini (Butox). Inoltre, gli allevatori dovranno attuare tutte le azioni per migliorare la biosicurezza degli edifici e dei locali di ricovero degli animali.<\/p>\n<p>Tra le novit\u00e0 del provvedimento, l\u2019aver gi\u00e0 incluso la strategia per l\u2019acquisto delle dosi di vaccino per la campagna 2014, in modo tale da partire con le prime vaccinazioni con un sensibile anticipo rispetto al 2013, si stima gi\u00e0 ai primi mesi del 2014. Sono gi\u00e0 in corso i contatti con le uniche due ditte produttrici in Europa. La programmazione della vaccinazione sar\u00e0 basata anche sulla valutazione dei dati complessivi 2013.<BR>Spetta agli enti locali svolgere, per la parte di competenza, le attivit\u00e0 di controllo e prevenzione sull\u2019insetto vettore. A carico dei Comuni sono anche le operazioni di smaltimento delle carcasse degli animali morti e\/o abbattuti per la malattia.<\/p>\n<p>I dirigenti veterinari sono mobilitati sul territorio per supportare gli allevatori, monitorare la situazione epidemiologica, gestire i focolai, registrare tutti&nbsp; gli eventi, i capi morti, abbattere quelli agonizzanti per benessere animale e svolgere tutte le attivit\u00e0 previste dai piani di emergenza e dai manuali operativi. Operativi anche i turni di reperibilit\u00e0 notturna e festiva i cui recapiti potranno essere richiesti ai centralini dei presidi ospedalieri della Asl.<\/p>\n<p>Per quanto riguarda la movimentazione extraregionale, il 6 settembre il ministero della Salute ha predisposto un protocollo nazionale che vale per autorizzare lo scambio tra le regioni degli animali vaccinati (bovini in particolare).<\/p>\n<p>Per una migliore efficacia della lotta alla Lingua blu, il decreto specifica che gli allevatori debbano offrire la massima collaborazione per lo svolgimento delle operazioni di profilassi. Coloro che si sottrarranno alle disposizioni del Piano di vaccinazione non potranno usufruire degli indennizzi.<\/p>\n","protected":false},"excerpt":{"rendered":"<p>L\u2019assessore regionale della Sanit\u00e0 Simona De Francisci ha firmato oggi il nuovo decreto per contrastare in maniera pi\u00f9 efficace l\u2019epidemia di Lingua blu che ha&#8230;<\/p>\n","protected":false},"author":2,"featured_media":0,"comment_status":"closed","ping_status":"closed","sticky":false,"template":"","format":"standard","meta":[],"categories":[49],"tags":[],"_links":{"self":[{"href":"https:\/\/www.cronacaonline.it\/index.php\/wp-json\/wp\/v2\/posts\/105959"}],"collection":[{"href":"https:\/\/www.cronacaonline.it\/index.php\/wp-json\/wp\/v2\/posts"}],"about":[{"href":"https:\/\/www.cronacaonline.it\/index.php\/wp-json\/wp\/v2\/types\/post"}],"author":[{"embeddable":true,"href":"https:\/\/www.cronacaonline.it\/index.php\/wp-json\/wp\/v2\/users\/2"}],"replies":[{"embeddable":true,"href":"https:\/\/www.cronacaonline.it\/index.php\/wp-json\/wp\/v2\/comments?post=105959"}],"version-history":[{"count":0,"href":"https:\/\/www.cronacaonline.it\/index.php\/wp-json\/wp\/v2\/posts\/105959\/revisions"}],"wp:attachment":[{"href":"https:\/\/www.cronacaonline.it\/index.php\/wp-json\/wp\/v2\/media?parent=105959"}],"wp:term":[{"taxonomy":"category","embeddable":true,"href":"https:\/\/www.cronacaonline.it\/index.php\/wp-json\/wp\/v2\/categories?post=105959"},{"taxonomy":"post_tag","embeddable":true,"href":"https:\/\/www.cronacaonline.it\/index.php\/wp-json\/wp\/v2\/tags?post=105959"}],"curies":[{"name":"wp","href":"https:\/\/api.w.org\/{rel}","templated":true}]}}