{"id":105926,"date":"2013-09-12T17:20:43","date_gmt":"2013-09-12T16:20:43","guid":{"rendered":"http:\/\/www.cronacaonline.it\/public\/content\/index.php\/12\/09\/2013\/traballa-la-tregua-pd-pdl-sul-voto-in-giunta-per-berlusconi"},"modified":"2013-09-12T17:20:43","modified_gmt":"2013-09-12T16:20:43","slug":"traballa-la-tregua-pd-pdl-sul-voto-in-giunta-per-berlusconi","status":"publish","type":"post","link":"https:\/\/www.cronacaonline.it\/index.php\/2013\/09\/12\/traballa-la-tregua-pd-pdl-sul-voto-in-giunta-per-berlusconi\/","title":{"rendered":"Traballa la tregua Pd-Pdl sul voto in Giunta per Berlusconi"},"content":{"rendered":"<p>Mai come ora, si naviga a vista. In un attimo, pu\u00f2 franare tutto. Basta una discussione all'apparenza banale, come quella sul calendario dei lavori della giunta che deve decidere della decadenza di Silvio Berlusconi, a svelare la fragilit\u00e0 della tregua tra Pd e Pdl che tiene in piedi il governo delle larghe intese. Per ora tiene, domani non si sa.<\/p>\n<p>Anche se Matteo Renzi \u00e8 pronto a scommettere: per il Cav \u00e8 \"finita\", ma lui \"non provocher\u00e0 la crisi\". Dopo il monito di ieri del presidente Giorgio Napolitano, il premier Enrico Letta torna a ricordare che \"l'instabilit\u00e0 costa miliardi\" all'Italia e che basta \"un attimo\" a buttare all'aria la \"stabilit\u00e0 che abbiamo conquistato faticosamente\" e tornare \"in grandissima difficolt\u00e0\". Ma non c'\u00e8 ragione che tenga, per il Movimento 5 Stelle: \"Voto subito.<\/p>\n<p>Fuori i delinquenti dal Parlamento!\", proclama dal suo blog Beppe Grillo, che rivendica ai suoi 'grillini' il ruolo di \"moralisti del cazzo\", in un Parlamento che \u00e8 diventato \"postribolo della democrazia\". Ma a sentir dare quotidianamente del 'delinquente' a suo padre, Barbara Berlusconi non ci sta. E cos\u00ec ingaggia un confronto a distanza con il barricadero Grillo: Silvio Berlusconi \"non \u00e8 un delinquente\", rivendica la figlia, \"la sua \u00e8 una storia imprenditoriale e politica, non criminale\".<\/p>\n<p>Insomma, non solo il Pdl, come ricorda Angelino Alfano, \u00e8 un \"monolite\" attorno al suo leader. Ma anche i figli sono pronti a scendere nell'arena del dibattito politico per difenderlo. Mentre le 'sentenze di condanna' si moltiplicano ogni giorno. Ultima, quella del presidente dell'Europarlamento Martin Schulz: \"Non ci sono alternative all'applicazione delle leggi\".<\/p>\n<p>\"In un qualsiasi Paese dove un leader politico viene condannato, la partita \u00e8 finita. Game over\", dichiara Matteo Renzi, che invita Letta a \"lavorare per il bene di tutti\" e \"non avere paura\". Ma Alfano non ci sta: \"Il caso Berlusconi non \u00e8 chiuso\", ribadisce da giorni. E smentisce le voci di un passo indietro: \"Non credo che si dimetter\u00e0 prima del voto del Senato sulla decadenza, non ci sono motivi\".<\/p>\n<p>L'atteggiamento del leader del Pdl, racconta chi gli \u00e8 vicino, \u00e8 di attesa per le decisioni della giunta ma anche per eventuali segnali che vengano dal Colle. Quello stesso Colle che, secondo Renato Brunetta, ha \"frenato l'accelerazione sbagliata\" impressa in un primo momento al Senato dal Pd. Quel che \u00e8 certo, \u00e8 che i dem non sono disposti a cedere di un millimetro sull'applicazione della legge Severino al Cavaliere.<\/p>\n<p>Lo dimostra il nuovo braccio di ferro ingaggiato nella giunta di Palazzo Madama con i colleghi del Pdl: i democrat vorrebbero che il voto sulla relazione di Andrea Augello si tenga marted\u00ec della prossima settimana, senza dilazionare ulteriormente i tempi, il Pdl chiede di arrivare a gioved\u00ec. I 5 Stelle sostengono al contrario che si potrebbe votare, se solo si volesse, gi\u00e0 questo fine settimana. Il risultato \u00e8 lo stallo.<\/p>\n<p>Ogni decisione viene rimessa al presidente della giunta, Dario Stefano, che probabilmente domani, quando proseguir\u00e0 la discussione, proporr\u00e0 una mediazione sul voto a mercoled\u00ec prossimo. Ma dal Pdl Renato Schifani torna ad accusare il Pd di portare sulle spalle la responsabilit\u00e0 di un'eventuale caduta del governo, con il suo atteggiamento. E ricorda che in passato la giunta si riuniva una volta la settimana: si va insomma \"contro la prassi\" pur di danneggiare Berlusconi.<\/p>\n<p>Fino a quando regger\u00e0 questa tregua armata, non \u00e8 dato sapere. Il momento del redde rationem politico non \u00e8 ancora arrivato. Ma intanto il vicepresidente del Csm Michele Vietti prova a mettere un punto fermo: \"Sono irricevibili le teorie complottiste che attribuiscono alla magistratura strategie persecutorie\". Sicuramente, per\u00f2, il quasi ex Cav non \u00e8 di questa idea e, dice Alfano, \"in qualunque modo finisca non si zittir\u00e0\".<\/p>\n","protected":false},"excerpt":{"rendered":"<p>Mai come ora, si naviga a vista. In un attimo, pu\u00f2 franare tutto. Basta una discussione all&#8217;apparenza banale, come quella sul calendario dei lavori della&#8230;<\/p>\n","protected":false},"author":2,"featured_media":0,"comment_status":"closed","ping_status":"closed","sticky":false,"template":"","format":"standard","meta":[],"categories":[49],"tags":[],"_links":{"self":[{"href":"https:\/\/www.cronacaonline.it\/index.php\/wp-json\/wp\/v2\/posts\/105926"}],"collection":[{"href":"https:\/\/www.cronacaonline.it\/index.php\/wp-json\/wp\/v2\/posts"}],"about":[{"href":"https:\/\/www.cronacaonline.it\/index.php\/wp-json\/wp\/v2\/types\/post"}],"author":[{"embeddable":true,"href":"https:\/\/www.cronacaonline.it\/index.php\/wp-json\/wp\/v2\/users\/2"}],"replies":[{"embeddable":true,"href":"https:\/\/www.cronacaonline.it\/index.php\/wp-json\/wp\/v2\/comments?post=105926"}],"version-history":[{"count":0,"href":"https:\/\/www.cronacaonline.it\/index.php\/wp-json\/wp\/v2\/posts\/105926\/revisions"}],"wp:attachment":[{"href":"https:\/\/www.cronacaonline.it\/index.php\/wp-json\/wp\/v2\/media?parent=105926"}],"wp:term":[{"taxonomy":"category","embeddable":true,"href":"https:\/\/www.cronacaonline.it\/index.php\/wp-json\/wp\/v2\/categories?post=105926"},{"taxonomy":"post_tag","embeddable":true,"href":"https:\/\/www.cronacaonline.it\/index.php\/wp-json\/wp\/v2\/tags?post=105926"}],"curies":[{"name":"wp","href":"https:\/\/api.w.org\/{rel}","templated":true}]}}