{"id":105602,"date":"2013-08-28T17:20:42","date_gmt":"2013-08-28T16:20:42","guid":{"rendered":"http:\/\/www.cronacaonline.it\/public\/content\/index.php\/28\/08\/2013\/sardegna-endurance-lifestyle---presentato-a-villa-devoto-evento-in-programma-fine-settimana-ad-arborea"},"modified":"2013-08-28T17:20:42","modified_gmt":"2013-08-28T16:20:42","slug":"sardegna-endurance-lifestyle-presentato-a-villa-devoto-evento-in-programma-fine-settimana-ad-arborea","status":"publish","type":"post","link":"https:\/\/www.cronacaonline.it\/index.php\/2013\/08\/28\/sardegna-endurance-lifestyle-presentato-a-villa-devoto-evento-in-programma-fine-settimana-ad-arborea\/","title":{"rendered":"Sardegna Endurance Lifestyle &#8211; presentato a villa devoto evento in programma fine settimana ad arborea"},"content":{"rendered":"<p>Si \u00e8 alzato questa mattina il sipario su Sardegna Endurance Lifestyle 2013, con la conferenza stampa di presentazione a Villa Devoto della manifestazione. Insieme al presidente Ugo Cappellacci, a rivelare un evento che ha l\u2019obiettivo di incidere in maniera tangibile sull\u2019economia e sulla promozione dell\u2019isola, c\u2019erano anche il CEO di sistemaeventi.it e campione del mondo di endurance Gianluca Laliscia, il segretario generale della Camera di Commercio italiana negli Emirati Arabi Uniti Mauro Marzocchi, il direttore dell\u2019Enit Andrea Babbi, il direttore di Sardegna Promozione Mariano Mariani.<\/p>\n<p>\u00abLa Sardegna \u2013 ha detto il presidente Cappellacci - deve ripartire da se stessa, dalle sue tradizioni e dai suoi valori. Tra questi c\u2019\u00e8 il cavallo, da sempre protagonista della nostra cultura, ma con una filiera in pesante crisi, che richiede interventi di rilancio. Agiremo nel breve periodo destinando risorse a programmi immediati e su base pluriennale, il che consentir\u00e0 di generare almeno 1.000 posti di lavoro. Ed \u00e8 anche per questo che puntiamo in modo deciso su un evento che, al suo interno, prevede non a caso un forum allevatoriale. Sardegna Endurance Lifestyle avr\u00e0 anche il pregio di puntare su altri comparti, primo fra tutti il turismo per il quale sono arrivati tour operator e giornalisti degli Emirati Arabi Uniti, per conoscere l\u2019isola e proporla alla propria clientela. Cavallo e turismo sono leve sulle quali agire con decisione, grazie a un evento al quale la Regione contribuisce con 200mila euro, destinati a Forum e promozione turistica, a fronte di altri 100mila euro che arrivano da sponsor nazionali e 700mila da sponsor degli Emirati Arabi Uniti. Sardegna Endurance Lifestyle, nel complesso, svilupper\u00e0 un indotto nell\u2019ordine di 5 milioni di euro. Per il resto, cio\u00e8 per il futuro e per le opportunit\u00e0 che Sardegna Endurance Lifestyle sapr\u00e0 innescare, basti per tutti un dato relativo all\u2019evento analogo svoltosi nelle Marche negli ultimi due anni: da un anno all\u2019altro, le esportazioni nell\u2019agroalimentare verso gli Emirati Arabi Uniti sono passate da 18 a 68 milioni di euro\u00bb.<\/p>\n<p>&nbsp;&nbsp; Sugli aspetti pi\u00f9 strettamente legati all\u2019evento si e\u2019 soffermato&nbsp; Gianluca Laliscia, secondo il quale in Sardegna esistono tutte le premesse per realizzare gli obiettivi individuati dal presidente Cappellacci. \u00abQui c\u2019\u00e8 una cultura secolare legata al cavallo e una tradizione allevatoriale che merita di essere rilanciata e affermata soprattutto per evitare che accada ci\u00f2 che \u00e8 successo di recente. E cio\u00e8 che a fronte di una domanda consistente non ci sia offerta. In questo quadro, Sardegna Endurance Lifestyle vuole anche essere un evento in grado di incidere su base pluriennale, facendo leva proprio su cavallo e turismo, le due grandi peculiarit\u00e0 della Sardegna, che la avvicinano ulteriormente agli Emirati Arabi Uniti. Molte delle potenzialit\u00e0 della Sardegna in questo senso verranno esaltate dalle gare della Horse Country Endurance Cup di sabato 31, sulla distanza di 120 e 90 chilometri, lungo un percorso di grande pregio naturalistico e particolarmente valido sul piano tecnico, grazie a fondi di gara naturalmente ideali\u00bb.<\/p>\n<p>Il focus sulle iniziative legate al turismo \u00e8 stato affrontato da Mauro Marzocchi e Andrea Babbi. \u00abUna decina di tour operator e alcuni giornalisti degli Emirati Arabi Uniti \u2013 ha spiegato il segretario generale della Camera di Commercio \u2013 sono da oggi alla scoperta dell\u2019isola. Oltre a visitare luoghi incantevoli e strutture all\u2019avanguardia, incontreranno 41 operatori turistici sardi in circa 250 incontri B2B, organizzati proprio per mettere in contatto domanda e offerta, in un mercato fra i primi a livello mondiale\u00bb. \u201cLa domanda di turismo italiano da parte della clientela degli Emirati Arabi Uniti \u2013 ha sottolineato il direttore dell\u2019Enit - \u00e8 in grande crescita. La prova sta nelle richieste di visto di ingresso presentate da turisti degli Emirati diretti nel nostro Paese: in un anno siamo passati da 11mila a 20mila. Quello emiratino \u00e8 un mercato di grandi potenzialit\u00e0: lo dimostra il dato secondo il quale la spesa media pro capite per viaggi e vacanze \u00e8 nell\u2019ordine di 22mila euro all\u2019anno. Un motivo pi\u00f9 che valido per promuovere le nostre bellezze, in particolare quelle uniche e speciali della Sardegna\u00bb.<\/p>\n<p>La conferenza stampa si \u00e8 conclusa con un dono di Gianluca Laliscia al presidente Cappellacci: il pettorale di gara numero 1. \u00abL\u2019accetto di buon grado \u2013 ha sorriso il presidente \u2013 a patto per\u00f2 che mi diate anche un cavallo per correre\u00bb.&nbsp; Com<\/p>\n","protected":false},"excerpt":{"rendered":"<p>Si \u00e8 alzato questa mattina il sipario su Sardegna Endurance Lifestyle 2013, con la conferenza stampa di presentazione a Villa Devoto della manifestazione. Insieme al&#8230;<\/p>\n","protected":false},"author":2,"featured_media":0,"comment_status":"closed","ping_status":"closed","sticky":false,"template":"","format":"standard","meta":[],"categories":[49],"tags":[],"_links":{"self":[{"href":"https:\/\/www.cronacaonline.it\/index.php\/wp-json\/wp\/v2\/posts\/105602"}],"collection":[{"href":"https:\/\/www.cronacaonline.it\/index.php\/wp-json\/wp\/v2\/posts"}],"about":[{"href":"https:\/\/www.cronacaonline.it\/index.php\/wp-json\/wp\/v2\/types\/post"}],"author":[{"embeddable":true,"href":"https:\/\/www.cronacaonline.it\/index.php\/wp-json\/wp\/v2\/users\/2"}],"replies":[{"embeddable":true,"href":"https:\/\/www.cronacaonline.it\/index.php\/wp-json\/wp\/v2\/comments?post=105602"}],"version-history":[{"count":0,"href":"https:\/\/www.cronacaonline.it\/index.php\/wp-json\/wp\/v2\/posts\/105602\/revisions"}],"wp:attachment":[{"href":"https:\/\/www.cronacaonline.it\/index.php\/wp-json\/wp\/v2\/media?parent=105602"}],"wp:term":[{"taxonomy":"category","embeddable":true,"href":"https:\/\/www.cronacaonline.it\/index.php\/wp-json\/wp\/v2\/categories?post=105602"},{"taxonomy":"post_tag","embeddable":true,"href":"https:\/\/www.cronacaonline.it\/index.php\/wp-json\/wp\/v2\/tags?post=105602"}],"curies":[{"name":"wp","href":"https:\/\/api.w.org\/{rel}","templated":true}]}}