{"id":105430,"date":"2013-08-28T17:20:42","date_gmt":"2013-08-28T16:20:42","guid":{"rendered":"http:\/\/www.cronacaonline.it\/public\/content\/index.php\/28\/08\/2013\/imu-addio-dal-2014-la-service-tax-letta-questione-di-equita-date-risposte-a-disoccupati-e-esodati"},"modified":"2013-08-28T17:20:42","modified_gmt":"2013-08-28T16:20:42","slug":"imu-addio-dal-2014-la-service-tax-letta-questione-di-equita-date-risposte-a-disoccupati-e-esodati","status":"publish","type":"post","link":"https:\/\/www.cronacaonline.it\/index.php\/2013\/08\/28\/imu-addio-dal-2014-la-service-tax-letta-questione-di-equita-date-risposte-a-disoccupati-e-esodati\/","title":{"rendered":"Imu addio, dal 2014 la service tax. Letta: questione di equit\u00e0, date risposte a disoccupati e esodati"},"content":{"rendered":"<p>\"Sono tutte urgenze, tutte operazioni per dare segnali molto forti al Paese\". Cos\u00ec Enrico Letta nella conferenza stampa seguita al Consiglio dei ministri tenutosi nel pomeriggio a Palazzo Chigi che ha di fatto abolito l'Imu e rifinanziato per 1,5 miliardi la cassa integrazione.<\/p>\n<p>\"La riforma dell'Imu e il cambiamento radicale di una tassa che aveva aspetti di unit\u00e0 era assolutamente necessario. Era nel programma di Governo. Oggi per come sono le rendite catastali nel Paese, la stessa casa paga un'Imu tripla a seconda della citt\u00e0 e questo non \u00e8 equo, stante le rendite catastali totalmente sperequate\". Inoltre, ha aggiunto Letta, \"vogliamo creare un meccanismo federale di responsabilit\u00e0\".<\/p>\n<p>\"La prima casa non produce reddito, questo \u00e8 riconosciuto con il meccanismo della service tax: i servizi vanno pagati, questo \u00e8 il legame fra il proprietario di un'abitazione e il sindaco che gestisce i servizi per la collettivit\u00e0. Il tutto con una diminuzione del carico fiscale sulle famiglie, mantenendo gli impegni con Bruxelles\".<\/p>\n<p>\"Cassa integrazione: abbiamo rifinanziato la Cig per mezzo miliardo di euro, rendendo possibile nei prossimi mesi dare risposte alla crisi sul lavoro che il nostro Paese sta vivendo: l'emergenza lavoro ci pare significativa\".<\/p>\n<p>\"Abbiamo individuato la categoria pi\u00f9 disagiata dei cosiddetti 'esodati': i licenziati individuali prima dell'applicazione della riforma della legge sulle pensioni. Si tratta di 6500 persone alle quali diamo oggi una risposta strutturale. E' il quarto intervento svolto per cercare di chiudere la vicenda esodati\"<\/p>\n<p>\"Sostegno a favore della prima casa: si tratta di un provvedimento complesso che d\u00e0 risposta alle famiglie, dal terreno dei mutui a quello degli affitti. Si tratta della cosiddetta morosit\u00e0 incolpevole, delle giovani coppie in difficolt\u00e0, dei lavoratori precari: sono interventi a sostegno di queste categorie disagiate\", con capitoli dedicati \"all'edilizia sociale, fortemente incentivata\".<\/p>\n<p>\"L'Imu viene cancellata, non ci sar\u00e0 pi\u00f9 dal 2014 cos\u00ec come l'abbiamo conosciuta fino ad oggi. Dal 1 gennaio 2014 nasce la 'service tax' che unifica e tocca la Tares. La decisione verr\u00e0 formalizzata il 15 ottobre nella legge di stabilit\u00e0, la service tax verr\u00e0 discussa con Comuni e Parlamento. L'Imu su prima casa e terreni agricoli e rurali 2013 non verr\u00e0 pagata: la copertura della rata di settembre sar\u00e0 gestita senza aumenti di tasse o nuove tasse. e nel dl del 15 ottobre saranno indicate le coperture dell'eliminazione della seconda rata dell'Imu di dicembre\".<\/p>\n<p>\"Tutte queste operazioni vengono fatte senza l'introduzione di nuove tasse e rispettando i vincoli europei\".<\/p>\n<p>\"Prima del Consiglio dei ministri si \u00e8 svolta una riunione tra i ministri che stanno seguendo a grave crisi che si sta sviluppando attorno all'utilizzo delle armi chimiche in Siria. Nella riunione dei ministri abbiamo confermato la posizione che il ministro degli Esteri Bonino ha espresso ieri in Parlamento: una netta condanna dell'uso delle armi chimiche, che \u00e8 un crimine contro l'umanit\u00e0\".<\/p>\n","protected":false},"excerpt":{"rendered":"<p>&#8220;Sono tutte urgenze, tutte operazioni per dare segnali molto forti al Paese&#8221;. Cos\u00ec Enrico Letta nella conferenza stampa seguita al Consiglio dei ministri tenutosi nel&#8230;<\/p>\n","protected":false},"author":2,"featured_media":0,"comment_status":"closed","ping_status":"closed","sticky":false,"template":"","format":"standard","meta":[],"categories":[49],"tags":[],"_links":{"self":[{"href":"https:\/\/www.cronacaonline.it\/index.php\/wp-json\/wp\/v2\/posts\/105430"}],"collection":[{"href":"https:\/\/www.cronacaonline.it\/index.php\/wp-json\/wp\/v2\/posts"}],"about":[{"href":"https:\/\/www.cronacaonline.it\/index.php\/wp-json\/wp\/v2\/types\/post"}],"author":[{"embeddable":true,"href":"https:\/\/www.cronacaonline.it\/index.php\/wp-json\/wp\/v2\/users\/2"}],"replies":[{"embeddable":true,"href":"https:\/\/www.cronacaonline.it\/index.php\/wp-json\/wp\/v2\/comments?post=105430"}],"version-history":[{"count":0,"href":"https:\/\/www.cronacaonline.it\/index.php\/wp-json\/wp\/v2\/posts\/105430\/revisions"}],"wp:attachment":[{"href":"https:\/\/www.cronacaonline.it\/index.php\/wp-json\/wp\/v2\/media?parent=105430"}],"wp:term":[{"taxonomy":"category","embeddable":true,"href":"https:\/\/www.cronacaonline.it\/index.php\/wp-json\/wp\/v2\/categories?post=105430"},{"taxonomy":"post_tag","embeddable":true,"href":"https:\/\/www.cronacaonline.it\/index.php\/wp-json\/wp\/v2\/tags?post=105430"}],"curies":[{"name":"wp","href":"https:\/\/api.w.org\/{rel}","templated":true}]}}