{"id":105134,"date":"2013-07-17T17:20:42","date_gmt":"2013-07-17T16:20:42","guid":{"rendered":"http:\/\/www.cronacaonline.it\/public\/content\/index.php\/17\/07\/2013\/caso-shalabayeva-letta-alfano-e-estraneo"},"modified":"2013-07-17T17:20:42","modified_gmt":"2013-07-17T16:20:42","slug":"caso-shalabayeva-letta-alfano-e-estraneo","status":"publish","type":"post","link":"https:\/\/www.cronacaonline.it\/index.php\/2013\/07\/17\/caso-shalabayeva-letta-alfano-e-estraneo\/","title":{"rendered":"Caso Shalabayeva. Letta: &#8220;Alfano \u00e8 estraneo&#8221;"},"content":{"rendered":"<p>Sar\u00e0 in parlamento venerd\u00ec e dalla relazione del prefetto Pansa emerge la totale estraneit\u00e0 del ministro Alfano. Cos\u00ec il premier Enrico Letta.<\/p>\n<p>\"Credo che la posizione del ministro Alfano sia molto difficile. Ieri in Senato abbiamo ascoltato le sue parole. Ma oggi sui giornali ne abbiamo lette altre che non sono esattamente in sintonia con le sue\". <\/p>\n<p>Anna Finocchiaro (Pd) sostiene cos\u00ec che \"sarebbe atto responsabilit\u00e0 istituzionale se Alfano rimettesse la sua delega nelle mani del premier\".<br \/>\"Sono tranquillo\", dice il presidente del Consiglio letta: \"Non vedo problemi con il Pd\".<\/p>\n<p>\"Non ho mai scommesso in vita mia, non scommetto per definizione ma non vedo su questo tema nubi all'orizzonte\". Cos\u00ec il premier Enrico Letta a chi gli chiede una scommessa sulla durata del governo.<\/p>\n<p>La mozione di sfiducia nei confronti del ministro Alfano verr\u00e0 discussa solo al Senato e non anche alla Camera. Lo ha deciso la conferenza dei capigruppo di Montecitorio accogliendo una richiesta in questo senso venuta dal Movimento Cinque stelle.<\/p>\n<p>I magistrati della procura di Roma potrebbero avviare una serie di nuovi atti istruttori. Tra questi ascoltare Alma Shalabayeva, tramite rogatoria. Questo dopo aver analizzato la relazione del capo della Polizia, Alessandro Pansa.<\/p>\n","protected":false},"excerpt":{"rendered":"<p>Sar\u00e0 in parlamento venerd\u00ec e dalla relazione del prefetto Pansa emerge la totale estraneit\u00e0 del ministro Alfano. Cos\u00ec il premier Enrico Letta. &#8220;Credo che la&#8230;<\/p>\n","protected":false},"author":2,"featured_media":0,"comment_status":"closed","ping_status":"closed","sticky":false,"template":"","format":"standard","meta":[],"categories":[49],"tags":[],"_links":{"self":[{"href":"https:\/\/www.cronacaonline.it\/index.php\/wp-json\/wp\/v2\/posts\/105134"}],"collection":[{"href":"https:\/\/www.cronacaonline.it\/index.php\/wp-json\/wp\/v2\/posts"}],"about":[{"href":"https:\/\/www.cronacaonline.it\/index.php\/wp-json\/wp\/v2\/types\/post"}],"author":[{"embeddable":true,"href":"https:\/\/www.cronacaonline.it\/index.php\/wp-json\/wp\/v2\/users\/2"}],"replies":[{"embeddable":true,"href":"https:\/\/www.cronacaonline.it\/index.php\/wp-json\/wp\/v2\/comments?post=105134"}],"version-history":[{"count":0,"href":"https:\/\/www.cronacaonline.it\/index.php\/wp-json\/wp\/v2\/posts\/105134\/revisions"}],"wp:attachment":[{"href":"https:\/\/www.cronacaonline.it\/index.php\/wp-json\/wp\/v2\/media?parent=105134"}],"wp:term":[{"taxonomy":"category","embeddable":true,"href":"https:\/\/www.cronacaonline.it\/index.php\/wp-json\/wp\/v2\/categories?post=105134"},{"taxonomy":"post_tag","embeddable":true,"href":"https:\/\/www.cronacaonline.it\/index.php\/wp-json\/wp\/v2\/tags?post=105134"}],"curies":[{"name":"wp","href":"https:\/\/api.w.org\/{rel}","templated":true}]}}